{"headers": {"id": "ID", "ano": "Ano", "numero": "N\u00famero", "tipo__sigla": "Tipo de Mat\u00e9ria Legislativa/Sigla", "tipo__descricao": "Tipo de Mat\u00e9ria Legislativa/Descri\u00e7\u00e3o", "autoria": "Autorias", "texto_original": "Texto Original", "ementa": "Ementa"}, "results": [{"id": "3257", "ano": "2025", "numero": "1", "tipo__sigla": "IND", "tipo__descricao": "INDICA\u00c7\u00d5ES", "autoria": "BENEDITO AUR\u00c9LIO", "texto_original": "http://sapl.pocone.mt.leg.br/media/sapl/public/materialegislativa/2025/3257/indicacao_no_001-2025..pdf", "ementa": "O Vereador que a esta subscreve, nos termos do Regimento Interno da Casa, INDICA as Suas Excel\u00eancias Jonas Eduardo Queiros Moraes, Prefeito Municipal, Jo\u00e3o Marcos Martins Guimar\u00e3es, Secret\u00e1rio Municipal de Turismo, Enair Regina Martins, Secret\u00e1ria Municipal de Esporte e Lazer, buscar entendimentos e tomadas de provid\u00eancias a fim de elaborar projeto para buscar recursos financeiros junto ao Governo do Estado, Deputados Estaduais/Federais, via emendas parlamentares para constru\u00e7\u00e3o de estrutura adequada e apropriada para pr\u00e1ticas da modalidade esportiva, \u201cGrau\u201d, no munic\u00edpio de Pocon\u00e9 \u2013 MT."}, {"id": "3258", "ano": "2025", "numero": "2", "tipo__sigla": "IND", "tipo__descricao": "INDICA\u00c7\u00d5ES", "autoria": "BENEDITO AUR\u00c9LIO", "texto_original": "http://sapl.pocone.mt.leg.br/media/sapl/public/materialegislativa/2025/3258/indicacao_no_002-2025..pdf", "ementa": "O Vereador que a esta subscreve, nos termos do Regimento Interno da Casa, INDICA as Suas Excel\u00eancias Jonas Eduardo Queiros Moraes, Prefeito Municipal, Jo\u00e3o Marcos Martins Guimar\u00e3es, Secret\u00e1rio Municipal de Turismo, Carlina Falc\u00e3o de Arruda Cal\u00e1bria, Secret\u00e1ria Adjunta de Infraestrutura, buscar entendimentos e tomadas de provid\u00eancias a fim de elaborar projeto e buscar recursos financeiros junto ao Governo do Estado, Deputados Estaduais/Federais, via emendas parlamentares destinados \u00e0 constru\u00e7\u00e3o de Hip\u00f3dromo Municipal na cidade de Pocon\u00e9 \u2013 MT."}, {"id": "3259", "ano": "2025", "numero": "3", "tipo__sigla": "IND", "tipo__descricao": "INDICA\u00c7\u00d5ES", "autoria": "BENEDITO AUR\u00c9LIO", "texto_original": "http://sapl.pocone.mt.leg.br/media/sapl/public/materialegislativa/2025/3259/indicacao_no_003-2025..pdf", "ementa": "O Vereador que a este subscreve, nos termos do Regimento Interno da Casa, ouvindo o Plen\u00e1rio, INDICA as Suas Excel\u00eancias Jonas Eduardo Queiroz Moraes, Prefeito Municipal, Amarildo Schmieleski, Secret\u00e1rio Municipal de Infraestrutura, no sentido de buscar entendimentos e tomadas de provid\u00eancias com a finalidade de realizar servi\u00e7o de micro revestimento asf\u00e1ltico na Rua Pinheiro Machado, Bairro Bom Pastor, Residencial Garcia, cidade de Pocon\u00e9-MT."}, {"id": "3260", "ano": "2025", "numero": "4", "tipo__sigla": "IND", "tipo__descricao": "INDICA\u00c7\u00d5ES", "autoria": "BENEDITO AUR\u00c9LIO", "texto_original": "http://sapl.pocone.mt.leg.br/media/sapl/public/materialegislativa/2025/3260/indicacao_no_004-2025..pdf", "ementa": "O Vereador que a esta subscreve, nos termos do Regimento Interno da Casa, INDICA as Suas Excel\u00eancias Jonas Eduardo Queiros Moraes, Prefeito Municipal, Amarildo Schmieleski, Secret\u00e1rio Municipal de Infraestrutura, a necessidade de buscar entendimentos e tomadas de provid\u00eancias para fazer manuten\u00e7\u00e3o necess\u00e1ria na ponte de madeira, localizada na Comunidade Boqueir\u00e3o, conhecida como ponte do Riscado, munic\u00edpio de Pocon\u00e9 \u2013 MT."}, {"id": "3261", "ano": "2025", "numero": "5", "tipo__sigla": "IND", "tipo__descricao": "INDICA\u00c7\u00d5ES", "autoria": "BENEDITO AUR\u00c9LIO", "texto_original": "http://sapl.pocone.mt.leg.br/media/sapl/public/materialegislativa/2025/3261/indicacao_no_005-2025..pdf", "ementa": "Os vereadores que a esta subscrevem, nos termos do Regimento Interno da Casa, Indicam a Sua Excel\u00eancia  Jonas Eduardo Queiroz Moraes, Prefeito Municipal, no sentido de buscar entendimentos e tomadas de provid\u00eancias para assegurar recursos financeiros  pr\u00f3prios, ou atrav\u00e9s do Governo do Estado ou via emendas parlamentares, destinados para a Prefeitura Municipal de Pocon\u00e9, fazer servi\u00e7o de asfalto, sarjeta e meio fio na Rua Nossa do Livramento, Bairro Boa Nova, cidade de Pocon\u00e9 - MT."}, {"id": "3262", "ano": "2025", "numero": "6", "tipo__sigla": "IND", "tipo__descricao": "INDICA\u00c7\u00d5ES", "autoria": "BENEDITO AUR\u00c9LIO", "texto_original": "http://sapl.pocone.mt.leg.br/media/sapl/public/materialegislativa/2025/3262/indicacao_no_006-2025..pdf", "ementa": "Os vereadores que a esta subscrevem, nos termos do Regimento Interno da Casa, Indicam a Sua Excel\u00eancia  Carlos Avallone, Deputado Estadual, no sentido de buscar recursos financeiros junto ao Governo do Estado, via emenda parlamentar destinado a Prefeitura Municipal de Pocon\u00e9, para reforma e adequa\u00e7\u00e3o do mini est\u00e1dio Juvenal Benedito da Costa (Campo do Ensaio), bairro Cruz Preta, cidade de Pocon\u00e9 \u2013 MT."}, {"id": "3263", "ano": "2025", "numero": "7", "tipo__sigla": "IND", "tipo__descricao": "INDICA\u00c7\u00d5ES", "autoria": "BENEDITO AUR\u00c9LIO", "texto_original": "http://sapl.pocone.mt.leg.br/media/sapl/public/materialegislativa/2025/3263/indicacao_no_007-2025..pdf", "ementa": "Os vereadores que a esta subscrevem, nos termos do Regimento Interno da Casa, Indicam a Sua Excel\u00eancia Jonas Eduardo Queiroz Moraes, no sentido de buscar entendimentos e tomadas de provid\u00eancias para Cria\u00e7\u00e3o do Novo Conselho Municipal de Desenvolvimento Rural Sustent\u00e1vel \u2013 CMDRS."}, {"id": "3264", "ano": "2025", "numero": "8", "tipo__sigla": "IND", "tipo__descricao": "INDICA\u00c7\u00d5ES", "autoria": "BENEDITO AUR\u00c9LIO", "texto_original": "http://sapl.pocone.mt.leg.br/media/sapl/public/materialegislativa/2025/3264/indicacao_no_008-2025..pdf", "ementa": "O Vereador que a esta subscreve, nos termos do Regimento Interno da Casa, INDICA as Suas Excel\u00eancias Jonas Eduardo Queiroz Moraes, Prefeito Municipal, Marcelo de Oliveira e Silva, Secret\u00e1rio de Estado de Infraestrutura e Log\u00edstica, tomadas de provid\u00eancias  para que seja inserido no cronograma de obras do Governo Estadual e Municipal, a constru\u00e7\u00e3o de ponte de concreto/ou a\u00e7o na estrada que d\u00e1 acesso a Comunidade Modelo, munic\u00edpio de Pocon\u00e9 \u2013 MT."}, {"id": "3265", "ano": "2025", "numero": "9", "tipo__sigla": "IND", "tipo__descricao": "INDICA\u00c7\u00d5ES", "autoria": "BENEDITO AUR\u00c9LIO", "texto_original": "http://sapl.pocone.mt.leg.br/media/sapl/public/materialegislativa/2025/3265/indicacao_no_009-2025..pdf", "ementa": "O Vereador que a esta subscreve, nos termos do Regimento Interno da Casa, INDICA as Suas Excel\u00eancias Jonas Eduardo Queiroz Moraes, Prefeito Municipal, Amarildo Schmieleski, Secret\u00e1rio Municipal de Infraestrutura, a necessidade de buscar entendimentos e tomadas de provid\u00eancias para fazer manuten\u00e7\u00e3o necess\u00e1ria na ponte de madeira localizada na Comunidade  Cabocla, munic\u00edpio de Pocon\u00e9 \u2013 MT."}, {"id": "3266", "ano": "2025", "numero": "10", "tipo__sigla": "IND", "tipo__descricao": "INDICA\u00c7\u00d5ES", "autoria": "BENEDITO AUR\u00c9LIO", "texto_original": "http://sapl.pocone.mt.leg.br/media/sapl/public/materialegislativa/2025/3266/indicacao_no_010-2025..pdf", "ementa": "O Vereador que a esta subscreve, nos termos do Regimento Interno da Casa, INDICA a Sua Excel\u00eancia Andreia Carolina Domingues Fujioka, Secret\u00e1ria de Estado de Agricultura Familiar \u2013 (SEAF-MT),  a  viabilidade de que seja destinado calc\u00e1rios a serem doados aos pequenos produtores rurais, sitiantes para terem suas escalas de produ\u00e7\u00f5es no per\u00edodo da seca, e ainda fortalecer a agricultura familiar do munic\u00edpio de Pocon\u00e9 \u2013 MT."}, {"id": "3267", "ano": "2025", "numero": "11", "tipo__sigla": "IND", "tipo__descricao": "INDICA\u00c7\u00d5ES", "autoria": "BENEDITO AUR\u00c9LIO", "texto_original": "http://sapl.pocone.mt.leg.br/media/sapl/public/materialegislativa/2025/3267/indicacao_no_011-2025..pdf", "ementa": "O Vereador que a esta subscreve, nos termos do Regimento Interno da Casa, INDICA a Sua Excel\u00eancia Jonas Eduardo Queiroz Moraes, Prefeito Municipal, viabilizar junto ao setor competente da Prefeitura Municipal de Pocon\u00e9, a regulariza\u00e7\u00e3o na numera\u00e7\u00e3o de casas residenciais e nos estabelecimentos comerciais situados nos bairros e centro da cidade de Pocon\u00e9 \u2013 MT."}, {"id": "3268", "ano": "2025", "numero": "12", "tipo__sigla": "IND", "tipo__descricao": "INDICA\u00c7\u00d5ES", "autoria": "BENEDITO AUR\u00c9LIO", "texto_original": "http://sapl.pocone.mt.leg.br/media/sapl/public/materialegislativa/2025/3268/indicacao_no_012-2025..pdf", "ementa": "O Vereador que a esta subscreve, nos termos do Regimento\r\nInterno da Casa, INDICA a Sua Excel\u00eancia Jonas Eduardo Queiroz Moraes,\r\nPrefeito Municipal, articular junto a Unidade do Indea de Pocon\u00e9 \u2013 MT, a\r\nrealiza\u00e7\u00e3o e parceria o Dia de Coleta de embalagem vazias de produtos\r\nagrot\u00f3xicos."}, {"id": "3269", "ano": "2025", "numero": "13", "tipo__sigla": "IND", "tipo__descricao": "INDICA\u00c7\u00d5ES", "autoria": "BENEDITO AUR\u00c9LIO", "texto_original": "http://sapl.pocone.mt.leg.br/media/sapl/public/materialegislativa/2025/3269/indicacao_no_013-2025..pdf", "ementa": "O Vereador que a esta subscreve, nos termos do Regimento\r\nInterno desta Casa, ouvido o Plen\u00e1rio, INDICA a Sua Excel\u00eancia Eduardo\r\nBotelho, Deputado Estadual, viabilizar recursos financeiros no valor de R$\r\n600.000,00 (seiscentos mil reais) ou via emenda parlamentar para a Prefeitura\r\nMunicipal de Pocon\u00e9, destinado a retomada da obra estrutura f\u00edsica para\r\nabrigar a Unidade B\u00e1sica de Sa\u00fade do bairro Jurumirim, cidade de Pocon\u00e9 \u2013\r\nMT, paralisada aproximadamente a 10 anos."}, {"id": "3270", "ano": "2025", "numero": "14", "tipo__sigla": "IND", "tipo__descricao": "INDICA\u00c7\u00d5ES", "autoria": "BENEDITO AUR\u00c9LIO", "texto_original": "http://sapl.pocone.mt.leg.br/media/sapl/public/materialegislativa/2025/3270/indicacao_no_014-2025..pdf", "ementa": "O Vereador que a esta subscreve, nos termos do Regimento\r\nInterno da Casa, INDICA as Suas Excel\u00eancias Jonas Eduardo Queiroz Moraes,\r\nPrefeito Municipal, Amarildo Schmieleski, Secret\u00e1rio Municipal de\r\nInfraestrutura, no sentido de buscar entendimentos e tomadas de\r\nprovid\u00eancias, para efetuar manuten\u00e7\u00e3o com servi\u00e7os de patrolamento,\r\ncoloca\u00e7\u00e3o de cascalho em pontos cr\u00edticos, da estrada que liga a Comunidade\r\nCachoeirinha, munic\u00edpio de Pocon\u00e9 \u2013 MT."}, {"id": "3271", "ano": "2025", "numero": "15", "tipo__sigla": "IND", "tipo__descricao": "INDICA\u00c7\u00d5ES", "autoria": "BENEDITO AUR\u00c9LIO", "texto_original": "http://sapl.pocone.mt.leg.br/media/sapl/public/materialegislativa/2025/3271/indicacao_no_015-2025..pdf", "ementa": "O Vereador que a esta subscreve, nos termos do Regimento\r\nInterno da Casa, INDICA as Suas Excel\u00eancias Jonas Eduardo Queiroz Moraes,\r\nPrefeito Municipal, Amarildo Schmieleski, Secret\u00e1rio Municipal de\r\nInfraestrutura, no sentido de buscar entendimentos e tomadas de\r\nprovid\u00eancias, para disponibilizar um caminh\u00e3o da Prefeitura Municipal para\r\nficar \u00e0 disposi\u00e7\u00e3o da Secretaria Municipal de Desenvolvimento Rural\r\nAgropecu\u00e1rio e Urbano, com objetivo de fazer transporte de calc\u00e1rio para\r\natender pequenos produtores rurais, do munic\u00edpio, caso o Poder Executivo\r\nMunicipal n\u00e3o tenha caminh\u00e3o para disponibiliza\u00e7\u00e3o, estudar a viabilidade de\r\nque este servi\u00e7o seja terceirizado."}, {"id": "3272", "ano": "2025", "numero": "16", "tipo__sigla": "IND", "tipo__descricao": "INDICA\u00c7\u00d5ES", "autoria": "BENEDITO AUR\u00c9LIO", "texto_original": "http://sapl.pocone.mt.leg.br/media/sapl/public/materialegislativa/2025/3272/indicacao_no_016-2025..pdf", "ementa": "Vereadores que a esta subscrevem, Membros da Mesa Diretora,\r\nbi\u00eanio 2025/2026, nos termos do Regimento Interno da Casa, ouvido o Plen\u00e1rio,\r\nIndicam as Suas Excel\u00eancias Senador Jaime Campos, Marcelo de Oliveira e Silva,\r\nSecret\u00e1rio de Estado de Infraestrutura e Log\u00edstica, a necessidade de destinar recursos\r\nfinanceiros atrav\u00e9s do Governo Federal/Estadual para servi\u00e7os de canaliza\u00e7\u00e3o do\r\nC\u00f3rrego Tereza Botas, cidade de Pocon\u00e9 \u2013 MT.\r\nA cidade de Pocon\u00e9 est\u00e1 localizada na sub-bacia do c\u00f3rrego Tereza\r\nBotas, sendo, portanto, este C\u00f3rrego o principal elemento da macrodrenagem da\r\ncidade."}, {"id": "3273", "ano": "2025", "numero": "17", "tipo__sigla": "IND", "tipo__descricao": "INDICA\u00c7\u00d5ES", "autoria": "BENEDITO AUR\u00c9LIO", "texto_original": "http://sapl.pocone.mt.leg.br/media/sapl/public/materialegislativa/2025/3273/indicacao_no_017-2025..pdf", "ementa": "O Vereador que a esta subscreve, nos termos do Regimento\r\nInterno da Casa, INDICA a Sua Excel\u00eancia Jonas Eduardo Queiroz Moraes,\r\nPrefeito Municipal, constru\u00e7\u00e3o de um campo de futebol, no bairro Are\u00e3o,\r\ncidade de Pocon\u00e9 \u2013 MT."}, {"id": "3274", "ano": "2025", "numero": "18", "tipo__sigla": "IND", "tipo__descricao": "INDICA\u00c7\u00d5ES", "autoria": "BENEDITO AUR\u00c9LIO", "texto_original": "http://sapl.pocone.mt.leg.br/media/sapl/public/materialegislativa/2025/3274/indicacao_no_018-2025..pdf", "ementa": "O Vereador que a esta subscreve, nos termos do Regimento\r\nInterno da Casa, INDICA as Suas Excel\u00eancias Jonas Eduardo Queiroz Moraes,\r\nPrefeito Municipal, Amarildo Schmieleski, Secret\u00e1rio Municipal de\r\nInfraestrutura, no sentido de tomar as provid\u00eancias necess\u00e1rias para\r\ninstala\u00e7\u00e3o de caixa de \u00e1gua para armazenamento e distribui\u00e7\u00e3o em redes de\r\nabastecimentos no Distrito de Cangas e Agroana Girau, munic\u00edpio de Pocon\u00e9\r\n\u2013 MT."}, {"id": "3281", "ano": "2025", "numero": "19", "tipo__sigla": "IND", "tipo__descricao": "INDICA\u00c7\u00d5ES", "autoria": "BRAYON", "texto_original": "http://sapl.pocone.mt.leg.br/media/sapl/public/materialegislativa/2025/3281/indicacao_no_001-2025..pdf", "ementa": "O Vereador que a esta subscreve, nos termos do Regimento Interno\r\ndesta Casa, ouvido o Plen\u00e1rio, INDICA as Suas Excel\u00eancias Jonas Eduardo Queiros\r\nMoraes, Prefeito Municipal, Itamar Louren\u00e7o da Silva, Secret\u00e1rio Municipal de Sa\u00fade,\r\na necessidade de elaborar projeto visando reforma, amplia\u00e7\u00e3o, adequa\u00e7\u00e3o na\r\nestrutura f\u00edsica da Unidade B\u00e1sica de Sa\u00fade, Bairro Jo\u00e3o Godofredo, cidade de Pocon\u00e9\r\n- MT."}, {"id": "3282", "ano": "2025", "numero": "20", "tipo__sigla": "IND", "tipo__descricao": "INDICA\u00c7\u00d5ES", "autoria": "BRAYON", "texto_original": "http://sapl.pocone.mt.leg.br/media/sapl/public/materialegislativa/2025/3282/indicacao_no_002-2025..pdf", "ementa": "O Vereador que a esta subscreve, nos termos do Regimento\r\nInterno desta Casa, ouvido o Plen\u00e1rio, INDICA a Sua Excel\u00eancia Deputado\r\nEstadual Faissal Calil , buscar entendimentos e tomadas de provid\u00eancias junto\r\nao Governo do Estado ou via emenda parlamentar destinar recursos\r\nfinanceiros na ordem de R$ 250.000,00(duzentos e cinquenta mil reais)\r\ndestinados para reforma/amplia\u00e7\u00e3o/adequa\u00e7\u00e3o na estrutura f\u00edsica da Unidade\r\nB\u00e1sica de Sa\u00fade bairro Jo\u00e3o Godofredo, cidade de Pocon\u00e9 \u2013 MT."}, {"id": "3283", "ano": "2025", "numero": "21", "tipo__sigla": "IND", "tipo__descricao": "INDICA\u00c7\u00d5ES", "autoria": "BRAYON", "texto_original": "http://sapl.pocone.mt.leg.br/media/sapl/public/materialegislativa/2025/3283/indicacao_no_003-2025..pdf", "ementa": "O Vereador que a esta subscreve, nos termos do Regimento Interno\r\ndesta Casa, ouvido o Plen\u00e1rio, INDICA a Sua Excel\u00eancia Amarildo Schimieleski,\r\nSecret\u00e1rio Municipal de Infraestrutura, Senhora Eulina Pires de Moraes, Presidente da\r\nDiretoria da Associa\u00e7\u00e3o Benefic\u00eancia Poconeana \u201cHospital Geral de Pocon\u00e9\u201d, no\r\nsentido de buscar entendimentos e tomadas de provid\u00eancias necess\u00e1rias para em\r\nparceria realizar limpezas que se fazem necess\u00e1rias na \u00e1rea que compreende o antigo\r\npr\u00e9dio de propriedade da Sociedade situado na esquina das ruas Frei Carlos\r\nVallet/Intendente Ant\u00f4nio Jo\u00e3o, Centro, cidade de Pocon\u00e9."}, {"id": "3284", "ano": "2025", "numero": "22", "tipo__sigla": "IND", "tipo__descricao": "INDICA\u00c7\u00d5ES", "autoria": "BRAYON", "texto_original": "http://sapl.pocone.mt.leg.br/media/sapl/public/materialegislativa/2025/3284/indicacao_no_004-2025..pdf", "ementa": "O Vereador que a esta subscreve, nos termos do Regimento Interno\r\nda Casa, INDICA as Suas Excel\u00eancias Jonas Eduardo Queiros Moraes, Prefeito\r\nMunicipal, Carlina Falc\u00e3o de Arruda Cal\u00e1bria, Secret\u00e1ria Adjunta de Infraestrutura, no\r\nsentido de buscar entendimentos e tomadas de provid\u00eancias para instala\u00e7\u00e3o de\r\nacademia ao ar livre, na Comunidade Rural \u00c1gua Vermelha, munic\u00edpio de Pocon\u00e9 MT."}, {"id": "3285", "ano": "2025", "numero": "23", "tipo__sigla": "IND", "tipo__descricao": "INDICA\u00c7\u00d5ES", "autoria": "BRAYON", "texto_original": "http://sapl.pocone.mt.leg.br/media/sapl/public/materialegislativa/2025/3285/indicacao_no_005-2025..pdf", "ementa": "O Vereador que a esta subscreve, nos termos do Regimento Interno da Casa, INDICA as Suas Excel\u00eancias Jonas Eduardo Queiros Moraes, Prefeito Municipal, Amarildo Schmieleski, Secret\u00e1rio Municipal de Infraestrutura, a necessidade de buscar entendimentos e tomadas de provid\u00eancias para fazer manuten\u00e7\u00e3o necess\u00e1ria na ponte de madeira localizada na estrada que d\u00e1 acesso as Comunidades Rurais Mundo Novo e Rodeio, munic\u00edpio de Pocon\u00e9 \u2013 MT."}, {"id": "3286", "ano": "2025", "numero": "24", "tipo__sigla": "IND", "tipo__descricao": "INDICA\u00c7\u00d5ES", "autoria": "BRAYON", "texto_original": "http://sapl.pocone.mt.leg.br/media/sapl/public/materialegislativa/2025/3286/indicacao_no_006-2025..pdf", "ementa": "O Vereador que a esta subscreve, nos termos do Regimento Interno da Casa, INDICA as Suas Excel\u00eancias Jonas Eduardo Queiroz Moraes, Prefeito Municipal, Amarildo Schmieleski, Secret\u00e1rio Municipal de Infraestrutura, buscar entendimentos para efetuar servi\u00e7os de tapa buracos na Rua Niter\u00f3i,  bairro Bom Pastor, cidade de Pocon\u00e9 - MT."}, {"id": "3287", "ano": "2025", "numero": "25", "tipo__sigla": "IND", "tipo__descricao": "INDICA\u00c7\u00d5ES", "autoria": "BRAYON", "texto_original": "http://sapl.pocone.mt.leg.br/media/sapl/public/materialegislativa/2025/3287/indicacao_no_007-2025..pdf", "ementa": "Os Vereadores  que a esta subscrevem, nos termos do Regimento Interno da Casa, ouvido o Plen\u00e1rio, Indicam as Suas Excel\u00eancias Jonas Eduardo Queiroz Moraes, Prefeito Municipal, Sidney Sulano da Silva, Diretor Municipal de Servi\u00e7os P\u00fablicos, buscar entendimentos para efetuar servi\u00e7os de limpeza p\u00fablica, (retirada de entulhos, capina\u00e7\u00e3o e outros necess\u00e1rios) na \u00e1rea de lazer Campo de Futebol situada no Bairro Jurumirim, cidade de Pocon\u00e9 - MT."}, {"id": "3288", "ano": "2025", "numero": "26", "tipo__sigla": "IND", "tipo__descricao": "INDICA\u00c7\u00d5ES", "autoria": "BRAYON", "texto_original": "http://sapl.pocone.mt.leg.br/media/sapl/public/materialegislativa/2025/3288/indicacao_no_008-2025..pdf", "ementa": "Os Vereadores que a esta subscrevem, nos termos do Regimento Interno da Casa, INDICAM as Suas Excel\u00eancias Jonas Eduardo Queiros Moraes, Prefeito Municipal, Carlina Falc\u00e3o de Arruda Cal\u00e1bria, Secret\u00e1ria Adjunta de Infraestrutura, no sentido de buscar entendimentos e tomadas de provid\u00eancias para instala\u00e7\u00f5es de academia ao ar livre, nos bairros Boa Esperan\u00e7a e S\u00e3o Benedito (Parque Tem\u00e1tico), cidade de Pocon\u00e9 MT."}, {"id": "3289", "ano": "2025", "numero": "27", "tipo__sigla": "IND", "tipo__descricao": "INDICA\u00c7\u00d5ES", "autoria": "BRAYON", "texto_original": "http://sapl.pocone.mt.leg.br/media/sapl/public/materialegislativa/2025/3289/indicacao_no_009-2025..pdf", "ementa": "Os Vereadores que a esta subscrevem, nos termos do Regimento Interno desta Casa, ouvido o Plen\u00e1rio, INDICAM as Suas Excel\u00eancias Jonas Eduardo Queiroz Moraes, Prefeito Municipal, Sidney Sulano da Silva, Diretor Municipal de Servi\u00e7os P\u00fablicos, buscar entendimentos para efetuar servi\u00e7os de limpeza p\u00fablica, (retirada de entulhos, capina\u00e7\u00e3o), no Residencial Portal do Pantanal, cidade de Pocon\u00e9 \u2013 MT."}, {"id": "3290", "ano": "2025", "numero": "28", "tipo__sigla": "IND", "tipo__descricao": "INDICA\u00c7\u00d5ES", "autoria": "BRAYON", "texto_original": "http://sapl.pocone.mt.leg.br/media/sapl/public/materialegislativa/2025/3290/indicacao_no_010-2025..pdf", "ementa": "Os Vereadores que a esta subscrevem, nos termos do Regimento Interno da Casa, INDICA as Suas Excel\u00eancias Jonas Eduardo Queiroz Moraes, Prefeito Municipal, Amarildo Schmieleski, Secret\u00e1rio Municipal de Infraestrutura, no sentido de tomar as provid\u00eancias necess\u00e1rias para instala\u00e7\u00e3o de ilumina\u00e7\u00e3o p\u00fablica no campo da Brita, cidade de Pocon\u00e9 \u2013 MT."}, {"id": "3291", "ano": "2025", "numero": "29", "tipo__sigla": "IND", "tipo__descricao": "INDICA\u00c7\u00d5ES", "autoria": "BRAYON", "texto_original": "http://sapl.pocone.mt.leg.br/media/sapl/public/materialegislativa/2025/3291/indicacao_no_011-2025..pdf", "ementa": "Os Vereadores que a esta subscrevem, nos termos do Regimento Interno da Casa, INDICA as Suas Excel\u00eancias Jonas Eduardo Queiroz Moraes, Prefeito Municipal, Amarildo Schmieleski, Secret\u00e1rio Municipal de Infraestrutura, no sentido de buscar entendimentos e tomadas de provid\u00eancias, para assegurar recursos financeiros  destinados  para reforma e revitaliza\u00e7\u00e3o da Pra\u00e7a P\u00fablica do Bairro Bom Pastor, pr\u00f3ximo ao \u201cCampo da Brita\u201d, localizada no bairro Bom Pastor, cidade de Pocon\u00e9-MT."}, {"id": "3292", "ano": "2025", "numero": "30", "tipo__sigla": "IND", "tipo__descricao": "INDICA\u00c7\u00d5ES", "autoria": "BRAYON", "texto_original": "http://sapl.pocone.mt.leg.br/media/sapl/public/materialegislativa/2025/3292/indicacao_no_012-2025..pdf", "ementa": "Os Vereadores que a esta subscrevem, nos termos do Regimento Interno da Casa, INDICA as Suas Excel\u00eancias Jonas Eduardo Queiroz Moraes, Prefeito Municipal, Amarildo Schmieleski, Secret\u00e1rio Municipal de Infraestrutura, no sentido de tomar as provid\u00eancias necess\u00e1rias para instala\u00e7\u00e3o de sinaliza\u00e7\u00e3o horizontal e vertical, na Rua Presidente Marques e Rua Mato Grosso, na esquina da Academia Informa, cidade de Pocon\u00e9 \u2013 MT, bem como implantar redutor de velocidade tipo lombada (quebra mola), em frente a Academia, para garantir seguran\u00e7a aos condutores e mun\u00edcipes."}, {"id": "3293", "ano": "2025", "numero": "31", "tipo__sigla": "IND", "tipo__descricao": "INDICA\u00c7\u00d5ES", "autoria": "BRAYON", "texto_original": "http://sapl.pocone.mt.leg.br/media/sapl/public/materialegislativa/2025/3293/indicacao_no_013-2025..pdf", "ementa": "O Vereador que a esta subscreve, nos termos do Regimento Interno desta Casa, ouvido o Plen\u00e1rio, INDICA as Suas Excel\u00eancias Jonas Eduardo Queiroz Moraes, Prefeito Municipal, Amarildo Schmieleski, Secret\u00e1rio Municipal de Infraestrutura, no sentido de tomar as provid\u00eancias necess\u00e1rias implantar redutor de velocidade tipo lombada (quebra mola), na Rua Tenente Silvio Martins, bairro S\u00e3o Benedito, pr\u00f3ximo a Distribuidora S\u00e3o Matheus, cidade de Pocon\u00e9 \u2013 MT, para garantir seguran\u00e7a aos condutores e mun\u00edcipes"}, {"id": "3294", "ano": "2025", "numero": "32", "tipo__sigla": "IND", "tipo__descricao": "INDICA\u00c7\u00d5ES", "autoria": "BRAYON", "texto_original": "http://sapl.pocone.mt.leg.br/media/sapl/public/materialegislativa/2025/3294/indicacao_no_014-2025..pdf", "ementa": "O Vereador que a esta subscreve, nos termos do Regimento Interno desta Casa, ouvido o Plen\u00e1rio, INDICA as Suas Excel\u00eancias Jonas Eduardo Queiroz Moraes, Prefeito Municipal, Amarildo Schmieleski, Secret\u00e1rio Municipal de Infraestrutura, Carlina Falc\u00e3o de Arruda Cal\u00e1bria, Secret\u00e1ria Adjunta de Infraestrutura, no sentido de tomar as provid\u00eancias necess\u00e1rias para corrigir o defeito apresentado na pavimenta\u00e7\u00e3o asf\u00e1ltica da via p\u00fablica Rua Primavera, situada no bairro Cruz Preta, cidade de Pocon\u00e9-MT."}, {"id": "3295", "ano": "2025", "numero": "33", "tipo__sigla": "IND", "tipo__descricao": "INDICA\u00c7\u00d5ES", "autoria": "BRAYON", "texto_original": "http://sapl.pocone.mt.leg.br/media/sapl/public/materialegislativa/2025/3295/indicacao_no_015-2025..pdf", "ementa": "O Vereador que a esta subscreve, nos termos do Regimento Interno da Casa, INDICA as Suas Excel\u00eancias Jonas Eduardo Queiros Moraes, Prefeito Municipal, Amarildo Schmieleski, Secret\u00e1rio Municipal de Infraestrutura, a necessidade de buscar entendimentos e tomadas de provid\u00eancias para fazer manuten\u00e7\u00e3o necess\u00e1ria na ponte de madeira localizada na estrada que d\u00e1 acesso a Comunidade \u00c1gua Vermelha e outras localidades, munic\u00edpio de Pocon\u00e9 \u2013 MT."}, {"id": "3296", "ano": "2025", "numero": "34", "tipo__sigla": "IND", "tipo__descricao": "INDICA\u00c7\u00d5ES", "autoria": "DR FELIPE S\u00c9RGIO", "texto_original": "http://sapl.pocone.mt.leg.br/media/sapl/public/materialegislativa/2025/3296/indicacao_no_001-2025.pdf", "ementa": "Os vereadores que esta subscreve, nos termos regimentais e com fundamento na Lei Org\u00e2nica do Munic\u00edpio de Pocon\u00e9, v\u00eam apresentar a presente INDICA\u00c7\u00c3O, a ser encaminhada ao Excelent\u00edssimo Senhor Prefeito Municipal, Jonas Eduardo Queiros Moraes, com c\u00f3pia \u00e0 Secretaria Municipal de Infraestrutura, para que sejam tomadas provid\u00eancias urgentes quanto \u00e0 manuten\u00e7\u00e3o das vias do Residencial Portal do Pantanal, especificamente: Rua Tucano; Rua Arara Azul e Rua Jacar\u00e9, cidade de Pocon\u00e9 \u2013 MT."}, {"id": "3297", "ano": "2025", "numero": "35", "tipo__sigla": "IND", "tipo__descricao": "INDICA\u00c7\u00d5ES", "autoria": "DR FELIPE S\u00c9RGIO", "texto_original": "http://sapl.pocone.mt.leg.br/media/sapl/public/materialegislativa/2025/3297/indicacao_no_002-2025.pdf", "ementa": "Os vereadores que esta subscrevem, nos termos regimentais e com fundamento na Lei Org\u00e2nica do Munic\u00edpio de Pocon\u00e9, v\u00eam apresentar a presente INDICA\u00c7\u00c3O, a ser encaminhada ao Excelent\u00edssimo Senhor Prefeito Municipal Jonas Eduardo Queiros Moraes, com c\u00f3pia \u00e0 Secretaria Municipal de Infraestrutura, para que sejam tomadas provid\u00eancias urgentes quanto \u00e0 manuten\u00e7\u00e3o das vias do Bairro Jo\u00e3o Godofredo, com prioridade para as tr\u00eas ruas mais afetadas, al\u00e9m das demais ruas do bairro que tamb\u00e9m necessitam de melhorias na infraestrutura."}, {"id": "3298", "ano": "2025", "numero": "36", "tipo__sigla": "IND", "tipo__descricao": "INDICA\u00c7\u00d5ES", "autoria": "DR FELIPE S\u00c9RGIO", "texto_original": "http://sapl.pocone.mt.leg.br/media/sapl/public/materialegislativa/2025/3298/indicacao_no_003-2025.pdf", "ementa": "Os vereadores que esta subscreve, nos termos regimentais e com fundamento na Lei Org\u00e2nica do Munic\u00edpio de Pocon\u00e9, v\u00eam apresentar a presente INDICA\u00c7\u00c3O, a ser encaminhada a Sua Excel\u00eancia o Jonas Eduardo Queiroz Moraes, Prefeito Municipal, com c\u00f3pia a Secretaria Municipal de Infraestrutura e  \u00e0 Secretaria Municipal de  Desenvolvimento Urbano,  para que sejam adotadas provid\u00eancias quanto \u00e0s seguintes melhorias para o munic\u00edpio:\r\n\r\n\u2705 Sinaliza\u00e7\u00e3o vi\u00e1ria \u2013 Instala\u00e7\u00e3o de placas indicativas de m\u00e3o \u00fanica e m\u00e3o dupla em todas as vias do munic\u00edpio, visando melhorar a organiza\u00e7\u00e3o do tr\u00e2nsito e a seguran\u00e7a de motoristas e pedestres.\r\n\r\n\u2705 Instala\u00e7\u00e3o de sem\u00e1foros \u2013 Coloca\u00e7\u00e3o de sem\u00e1foros nos cruzamentos da Avenida An\u00edbal de Toledo, especificamente na proximidade do mercado S\u00e3o Jorge, e na esquina do sal\u00e3o do Juca e  outro pr\u00f3ximo ao supermercado ReL, garantindo mais seguran\u00e7a no tr\u00e1fego e evitando acidentes."}, {"id": "3299", "ano": "2025", "numero": "37", "tipo__sigla": "IND", "tipo__descricao": "INDICA\u00c7\u00d5ES", "autoria": "DR FELIPE S\u00c9RGIO", "texto_original": "http://sapl.pocone.mt.leg.br/media/sapl/public/materialegislativa/2025/3299/indicacao_no_004-2025.pdf", "ementa": "Os vereadores que esta subscrevem, nos termos regimentais e com fundamento na Lei Org\u00e2nica do Munic\u00edpio de Pocon\u00e9, v\u00eam apresentar a presente INDICA\u00c7\u00c3O, a ser encaminhada a Sua Excel\u00eancia  Jonas Eduardo Queiroz Moraes, Prefeito Municipal, com c\u00f3pia \u00e0 Secretaria Municipal de Infraestrutura, para que sejam adotadas provid\u00eancias urgentes quanto \u00e0 manuten\u00e7\u00e3o das vias do Bairro S\u00e3o Judas Tadeu, que se encontram totalmente deterioradas, dificultando a locomo\u00e7\u00e3o dos moradores e comprometendo a seguran\u00e7a no tr\u00e1fego."}, {"id": "3300", "ano": "2025", "numero": "38", "tipo__sigla": "IND", "tipo__descricao": "INDICA\u00c7\u00d5ES", "autoria": "DR FELIPE S\u00c9RGIO", "texto_original": "http://sapl.pocone.mt.leg.br/media/sapl/public/materialegislativa/2025/3300/indicacao_no_005-2025.pdf", "ementa": "Os vereadores que esta subscrevem, nos termos regimentais e com fundamento na Lei Org\u00e2nica do Munic\u00edpio de Pocon\u00e9, v\u00eam apresentar a presente INDICA\u00c7\u00c3O, a ser encaminhada a Sua Excel\u00eancia Jonas Eduardo Queiroz Moraes, Prefeito Municipal, com c\u00f3pia \u00e0 Secretaria Municipal de Infraestrutura e \u00e0 Secretaria Municipal de Desenvolvimento Urbano, para que sejam adotadas provid\u00eancias quanto \u00e0s seguintes melhorias para o munic\u00edpio:\r\n\r\n\u2705 Instala\u00e7\u00e3o de faixas de pedestres em pontos estrat\u00e9gicos:\r\n\t\u2022\t\ud83d\udccd Em frente \u00e0 Creche do Jardim Aeroporto \u2013 visando mais seguran\u00e7a \u00e0s crian\u00e7as e respons\u00e1veis.\r\n\t\u2022\t\ud83d\udccd Na principal, em frente ao Posto Cruzeiro 01 \u2013 garantindo travessia segura na regi\u00e3o de alto fluxo.\r\n\t\u2022\t\ud83d\udccd Em frente \u00e0 Igreja Cat\u00f3lica da Comunidade de Cangas \u2013 proporcionando seguran\u00e7a aos fi\u00e9is e moradores da regi\u00e3o.\r\n\r\n\u2705 Instala\u00e7\u00e3o de academias ao ar livre para incentivo \u00e0 pr\u00e1tica esportiva e bem-estar da popula\u00e7\u00e3o:\r\n\t\u2022\t\ud83d\udccd Academia ao ar livre na COHAB Velha\r\n\t\u2022\t\ud83d\udccd Academia ao ar livre na COHAB Nova\r\n\t\u2022\t\ud83d\udccd Aca"}, {"id": "3301", "ano": "2025", "numero": "39", "tipo__sigla": "IND", "tipo__descricao": "INDICA\u00c7\u00d5ES", "autoria": "DR FELIPE S\u00c9RGIO", "texto_original": "http://sapl.pocone.mt.leg.br/media/sapl/public/materialegislativa/2025/3301/indicacao_no_006-2025.pdf", "ementa": "Os vereadores que esta subscrevem, nos termos regimentais e com fundamento na Lei Org\u00e2nica do Munic\u00edpio de Pocon\u00e9, INDICAM, ao Excelent\u00edssimo Senhor Prefeito Municipal, Jonas Eduardo Queiros Moraes, atrav\u00e9s das Secretarias Municipais providenciem as seguintes melhorias e manuten\u00e7\u00f5es necess\u00e1rias para o bem-estar da popula\u00e7\u00e3o:\r\n\r\n1. *Instala\u00e7\u00e3o de olho de gato na rotat\u00f3ria da Pra\u00e7a* \r\n   - Justificativa: Durante a noite e em per\u00edodos chuvosos, a visibilidade da faixa no ch\u00e3o \u00e9 comprometida, colocando em risco a seguran\u00e7a dos motoristas.\r\n\r\n2. *Instala\u00e7\u00e3o de um bra\u00e7o de luz na Rua S\u00e3o Tom\u00e9, em frente ao escrit\u00f3rio da Dra. Jana\u00edna*\r\n   - Justificativa: O local \u00e9 perigoso durante a noite, colocando em risco a seguran\u00e7a dos transeuntes.\r\n\r\n3. *Limpeza urbana no Residencial Portal do Pantanal* \r\n   - Justificativa: O mato tomou conta do local, gerando riscos aos moradores. \r\n   - Ponto de refer\u00eancia: Pr\u00f3ximo ao po\u00e7o do residencial.\r\n\r\n4. *Manuten\u00e7\u00e3o da estrada da Comunidade Morrinho* \r\n   - Justificativa"}, {"id": "3302", "ano": "2025", "numero": "40", "tipo__sigla": "IND", "tipo__descricao": "INDICA\u00c7\u00d5ES", "autoria": "DR FELIPE S\u00c9RGIO", "texto_original": "http://sapl.pocone.mt.leg.br/media/sapl/public/materialegislativa/2025/3302/indicacao_no_007-2025.pdf", "ementa": "Os vereadores que estas subscrevem, nos termos regimentais e com fundamento na Lei Org\u00e2nica do Munic\u00edpio de Pocon\u00e9, INDICAM, as Suas Excel\u00eancias Jonas Eduardo Queiroz Moraes, Prefeito Municipal, Sidney Sulano da Silva, Diretor de Servi\u00e7os P\u00fablicos, solicitam,  com urg\u00eancia, a realiza\u00e7\u00e3o de servi\u00e7os de limpeza urbana no fundo do Bairro Jo\u00e3o Godofredo, especificamente nas cal\u00e7adas das ruas que s\u00e3o de compet\u00eancia do munic\u00edpio. Atualmente, o mato encontra-se excessivamente alto, o que representa um risco \u00e0 seguran\u00e7a dos moradores."}, {"id": "3303", "ano": "2025", "numero": "41", "tipo__sigla": "IND", "tipo__descricao": "INDICA\u00c7\u00d5ES", "autoria": "DR FELIPE S\u00c9RGIO", "texto_original": "http://sapl.pocone.mt.leg.br/media/sapl/public/materialegislativa/2025/3303/indicacao_no_008-2025.pdf", "ementa": "Os vereadores que esta subscreve, nos termos regimentais e com fundamento na Lei Org\u00e2nica do Munic\u00edpio de Pocon\u00e9, INDICAM, a Sua Excel\u00eancia Jonas Eduardo Queiroz Moraes, Prefeito Municipal, solicita a realiza\u00e7\u00e3o de obras de manuten\u00e7\u00e3o na Rua Jurumirim, principalmente na regi\u00e3o pr\u00f3xima ao tanque do Jurumirim, cidade de Pocon\u00e9 \u2013 MT."}, {"id": "3304", "ano": "2025", "numero": "42", "tipo__sigla": "IND", "tipo__descricao": "INDICA\u00c7\u00d5ES", "autoria": "DR FELIPE S\u00c9RGIO", "texto_original": "http://sapl.pocone.mt.leg.br/media/sapl/public/materialegislativa/2025/3304/indicacao_no_009-2025.pdf", "ementa": "Os vereadores que esta subscreve, nos termos regimentais e com fundamento na Lei Org\u00e2nica do Munic\u00edpio de Pocon\u00e9, INDICAM, as Suas Excel\u00eancias Jonas Eduardo Queiroz Moraes, Prefeito Municipal, Amarildo Schimieleski, Secret\u00e1rio Municipal de Infraestrutura, recupera\u00e7\u00e3o das vias p\u00fablicas localizadas no Bairro Are\u00e3o, cidade de Pocon\u00e9 \u2013 MT."}, {"id": "3305", "ano": "2025", "numero": "43", "tipo__sigla": "IND", "tipo__descricao": "INDICA\u00c7\u00d5ES", "autoria": "DR FELIPE S\u00c9RGIO", "texto_original": "http://sapl.pocone.mt.leg.br/media/sapl/public/materialegislativa/2025/3305/indicacao_no_010-2025.pdf", "ementa": "Os vereadores que esta subscreve, nos termos regimentais e com fundamento na Lei Org\u00e2nica do Munic\u00edpio de Pocon\u00e9, INDICAM, as Suas Excel\u00eancias Jonas Eduardo Queiroz Moraes, Prefeito Municipal, Amarildo Schimieleski, Secret\u00e1rio Municipal de Infraestrutura, a necessidade de realiza\u00e7\u00e3o de obras de manuten\u00e7\u00e3o e recupera\u00e7\u00e3o das vias da  Cohab Santa Clara, uma vez"}, {"id": "3306", "ano": "2025", "numero": "44", "tipo__sigla": "IND", "tipo__descricao": "INDICA\u00c7\u00d5ES", "autoria": "DR FELIPE S\u00c9RGIO", "texto_original": "http://sapl.pocone.mt.leg.br/media/sapl/public/materialegislativa/2025/3306/indicacao_no_011-2025.pdf", "ementa": "Os vereadores que a esta subscreve, nos termos regimentais e com fundamento na Lei Org\u00e2nica do Munic\u00edpio de Pocon\u00e9, INDICAM, as Suas Excel\u00eancias Jonas Eduardo Queiroz Moraes, Prefeito Municipal, Sidney Sulano da Silva, Diretor de Servi\u00e7os P\u00fablicos, realiza\u00e7\u00e3o de servi\u00e7os de limpeza urbana no Bairro S\u00e3o Judas Tadeu, incluindo a \u00e1rea do campo do S\u00e3o Judas."}, {"id": "3307", "ano": "2025", "numero": "45", "tipo__sigla": "IND", "tipo__descricao": "INDICA\u00c7\u00d5ES", "autoria": "DR FELIPE S\u00c9RGIO", "texto_original": "http://sapl.pocone.mt.leg.br/media/sapl/public/materialegislativa/2025/3307/indicacao_no_012-2025.pdf", "ementa": "Os vereadores que a esta subscreve, nos termos regimentais e com fundamento na Lei Org\u00e2nica do Munic\u00edpio de Pocon\u00e9, INDICAM, as Suas Excel\u00eancias Jonas Eduardo Queiroz Moraes, Prefeito Municipal, Sidney Sulano da Silva, Diretor de Servi\u00e7os P\u00fablicos, realiza\u00e7\u00e3o de servi\u00e7os de limpeza urbana no Bairro S\u00e3o Judas Tadeu, incluindo a \u00e1rea do campo do S\u00e3o Judas."}, {"id": "3312", "ano": "2025", "numero": "46", "tipo__sigla": "IND", "tipo__descricao": "INDICA\u00c7\u00d5ES", "autoria": "DR ROBERTO", "texto_original": "http://sapl.pocone.mt.leg.br/media/sapl/public/materialegislativa/2025/3312/indicacao_no_001-2025..pdf", "ementa": "Os vereadores que a esta subscrevem, nos termos do Regimento Interno da Casa, INDICA as Suas Excel\u00eancias Jonas Eduardo Queiroz Moraes, Prefeito Municipal, Amarildo Schmieleski, Secret\u00e1rio Municipal de Infraestrutura, no sentido de efetuar trocas de l\u00e2mpadas nos seguintes pontos:\r\n\r\n\uf0d8\tAvenida An\u00edbal de Toledo com a Rua S\u00e3o Francisco;\r\n\uf0d8\tRua Ant\u00f4nio Jo\u00e3o esquina com a Rua Pinheiro Machado, ao lado da Academia Moviment."}, {"id": "3313", "ano": "2025", "numero": "47", "tipo__sigla": "IND", "tipo__descricao": "INDICA\u00c7\u00d5ES", "autoria": "DR ROBERTO", "texto_original": "http://sapl.pocone.mt.leg.br/media/sapl/public/materialegislativa/2025/3313/indicacao_no_002-2025..pdf", "ementa": "Os vereadores que a esta subscrevem, nos termos do Regimento Interno da Casa, INDICA as Suas Excel\u00eancias Jonas Eduardo Queiroz Moraes, Prefeito Municipal, Amarildo Schmieleski, Secret\u00e1rio Municipal de Infraestrutura, buscar entendimentos para efetuar servi\u00e7os de tapa buracos nos pontos cr\u00edticos da Rua Tiradentes, Bairro Cruz Preta, cidade de Pocon\u00e9 - MT."}, {"id": "3314", "ano": "2025", "numero": "48", "tipo__sigla": "IND", "tipo__descricao": "INDICA\u00c7\u00d5ES", "autoria": "DR ROBERTO", "texto_original": "http://sapl.pocone.mt.leg.br/media/sapl/public/materialegislativa/2025/3314/indicacao_no_003-2025..pdf", "ementa": "Os vereadores que a esta subscrevem, Membros da Comiss\u00e3o de Obras P\u00fablicas, Transporte e Comunica\u00e7\u00e3o, nos termos do Regimento Interno da Casa, INDICAM as Suas Excel\u00eancias Jonas Eduardo Queiroz Moraes, Prefeito Municipal, Amarildo Schmieleski, Secret\u00e1rio Municipal de Infraestrutura, Camila Barbosa Moreira da Silva, Secret\u00e1ria Municipal de Educa\u00e7\u00e3o, buscar entendimentos para efetuar manuten\u00e7\u00e3o na estrada que passa pelas propriedades dos Senhores Paulo Isidoro, Manoel F\u00e9lix, rota de \u00f4nibus escolar, situada na Comunidade Rural Cap\u00e3o do Angico, munic\u00edpio de Pocon\u00e9 - MT."}, {"id": "3315", "ano": "2025", "numero": "49", "tipo__sigla": "IND", "tipo__descricao": "INDICA\u00c7\u00d5ES", "autoria": "EDINHO BALL", "texto_original": "http://sapl.pocone.mt.leg.br/media/", "ementa": "Os Vereadores que a esta subscrevem, nos termos do Regimento Interno da Casa, ouvindo o Plen\u00e1rio, INDICAM as Suas Excel\u00eancias Jonas Eduardo Queiroz Moraes, Prefeito Municipal, Carlina Falc\u00e3o de Arruda Cal\u00e1bria, Secret\u00e1ria Adjunta de Infraestrutura, a viabilidade da realiza\u00e7\u00e3o de recupera\u00e7\u00e3o da cal\u00e7ada da rua Joaquim Murtinho, trecho compreendido entre a sede da APAE a Rua Hugo Nunes Rondon, (antiga rua ABC),Mercado Doce Lar, bairro Cidade Rosa/Cohab Nova, cidade de Pocon\u00e9 \u2013 MT."}, {"id": "3316", "ano": "2025", "numero": "50", "tipo__sigla": "IND", "tipo__descricao": "INDICA\u00c7\u00d5ES", "autoria": "EDINHO BALL", "texto_original": "http://sapl.pocone.mt.leg.br/media/sapl/public/materialegislativa/2025/3316/indicacao_no_002-2025..pdf", "ementa": "Os Vereadores que a esta subscrevem, nos termos do Regimento Interno da Casa, ouvindo o Plen\u00e1rio, INDICAM as Suas Excel\u00eancias Jonas Eduardo Queiroz Moraes, Prefeito Municipal, Amarildo Schmileski, Secret\u00e1rio Municipal de Infraestrutura, buscar entendimentos e tomadas de provid\u00eancias  para reestruturar o canteiro situado  no bairro Cidade Rosa/Cohab Nova, techo compreendido entre a Rua Hugo Nunes Rondon e a Rua Justino Gon\u00e7alves da Guia, cidade de Pocon\u00e9 \u2013 MT, com servi\u00e7os de limpeza p\u00fablica, melhoria no sistema de ilumina\u00e7\u00e3o p\u00fablica, podas de arvores, e outras a\u00e7\u00f5es necess\u00e1rias para melhorar o aspecto urbanistico."}, {"id": "3317", "ano": "2025", "numero": "51", "tipo__sigla": "IND", "tipo__descricao": "INDICA\u00c7\u00d5ES", "autoria": "EDINHO BALL", "texto_original": "http://sapl.pocone.mt.leg.br/media/sapl/public/materialegislativa/2025/3317/indicacao_no_003-2025..pdf", "ementa": "O Vereador que a esta subscreve, nos termos do Regimento Interno da Casa, INDICA as Suas Excel\u00eancias Jonas Eduardo Queiroz Moraes, Prefeito Municipal, Amarildo Schmieleski, Secret\u00e1rio Municipal de Infraestrutura, a necessidade de buscar entendimentos e tomadas de provid\u00eancias para fazer manuten\u00e7\u00e3o necess\u00e1ria na ponte de madeira localizada no Assentamento Formiga, acesso a Estrada Velha de C\u00e1ceres, munic\u00edpio de Pocon\u00e9-MT."}, {"id": "3318", "ano": "2025", "numero": "52", "tipo__sigla": "IND", "tipo__descricao": "INDICA\u00c7\u00d5ES", "autoria": "EDINHO BALL", "texto_original": "http://sapl.pocone.mt.leg.br/media/sapl/public/materialegislativa/2025/3318/indicacao_no_004-2025..pdf", "ementa": "O Vereador que a esta subscreve, nos termos do Regimento Interno da Casa, INDICA as Suas Excel\u00eancias Jonas Eduardo Queiroz Moraes, Prefeito Municipal, Enair Regina Martins, Secret\u00e1ria Municipal de Esporte e Lazer, a necessidade de buscar entendimentos e tomadas de provid\u00eancias, para a constru\u00e7\u00e3o de uma quadra de basquete ao ar livre com as configura\u00e7\u00f5es da modalidade 3x3 com tabela de acr\u00edlico e cesta de corrente no espa\u00e7o p\u00fablico situado a margem da Avenida An\u00edbal de Toledo, em frente a esta\u00e7\u00e3o  rodovi\u00e1ria da cidade de Pocon\u00e9, tendo em vista que a mesma h\u00e1 muito tempo encontra-se ociosa e possui um espa\u00e7o adequado para a pr\u00e1tica dessa atividade esportiva."}, {"id": "3319", "ano": "2025", "numero": "53", "tipo__sigla": "IND", "tipo__descricao": "INDICA\u00c7\u00d5ES", "autoria": "EDINHO BALL", "texto_original": "http://sapl.pocone.mt.leg.br/media/sapl/public/materialegislativa/2025/3319/indicacao_no_005-2025..pdf", "ementa": "Vereadores que a esta subscrevem, nos termos do Regimento Interno da Casa, INDICAM as Suas Excel\u00eancias Jonas Eduardo Queiroz Moraes, Prefeito Municipal, Deputados Estaduais Beto Dois a Um, J\u00falio Campos, Carlos Avallone, Jana\u00edna Riva, a necessidade de buscar entendimentos e tomadas de provid\u00eancias/parceria junto ao Governo do Estado para a constru\u00e7\u00e3o de um po\u00e7o artesiano com rede de distribui\u00e7\u00e3o de \u00e1gua no Programa de Assentamento Jo\u00e3o Ponce de Arruda, \u201cFedegoso\u201d, Zona Rural, munic\u00edpio de Pocon\u00e9 \u2013 MT, em atendimento ao expediente c\u00f3pia anexa, protocolado pelo Presidente do Assentamento em nome das fam\u00edlias residentes na C\u00e2mara Municipal no dia 14 de mar\u00e7o de 2025."}, {"id": "3320", "ano": "2025", "numero": "54", "tipo__sigla": "IND", "tipo__descricao": "INDICA\u00c7\u00d5ES", "autoria": "DR ROBERTO", "texto_original": "http://sapl.pocone.mt.leg.br/media/sapl/public/materialegislativa/2025/3320/indicacao_no_006-2025..pdf", "ementa": "O Vereador que a esta subscreve, nos termos do Regimento Interno da Casa, INDICA a Sua Excel\u00eancia Deputado Estadual Beto Dois a Um, no sentido de viabilizar junto ao Governo do Estado/Secretaria de Estado de Educa\u00e7\u00e3o e/ou via emenda parlamentar destinar recursos financeiros para contemplar escolas da rede estadual e municipal no munic\u00edpio de Pocon\u00e9 com a aparelhos de ar condicionados."}, {"id": "3321", "ano": "2025", "numero": "55", "tipo__sigla": "IND", "tipo__descricao": "INDICA\u00c7\u00d5ES", "autoria": "DANUBIO", "texto_original": "http://sapl.pocone.mt.leg.br/media/sapl/public/materialegislativa/2025/3321/indicacao_no_001-2025..pdf", "ementa": "O vereador que a esta subscreve, nos termos do Regimento Interno da Casa, INDICA as Suas Excel\u00eancias Jonas Eduardo Queiroz Moraes, Prefeito Municipal, Amarildo Schmieleski, Secret\u00e1rio Municipal de Infraestrutura, no sentido de viabilizar instala\u00e7\u00e3o de Placas de Indica\u00e7\u00f5es de Acesso a Comunidades Rurais e Programas de Assentamentos situados no munic\u00edpio de Pocon\u00e9, contendo nome e quilometragem."}, {"id": "3322", "ano": "2025", "numero": "56", "tipo__sigla": "IND", "tipo__descricao": "INDICA\u00c7\u00d5ES", "autoria": "DANUBIO", "texto_original": "http://sapl.pocone.mt.leg.br/media/sapl/public/materialegislativa/2025/3322/indicacao_no_002-2025..pdf", "ementa": "O vereador que a esta subscreve, nos termos do Regimento Interno da Casa, INDICA as Suas Excel\u00eancias Jonas Eduardo Queiroz Moraes, Prefeito Municipal, Amarildo Schmieleski, Secret\u00e1rio Municipal de Infraestrutura, no sentido de tomar as provid\u00eancias necess\u00e1rias para reforma/manuten\u00e7\u00e3o da estrutura f\u00edsica bem como do vestu\u00e1rio da quadra de esportes Benedito Corn\u00e9lio da Silva, popular \u201cDito Garrucha\u201d, localizada no Distrito de Nossa Senhora Aparecida do Chumbo, munic\u00edpio de Pocon\u00e9 \u2013 MT, para propiciar ambiente adequado para atender a demanda quando da realiza\u00e7\u00e3o dos grandes eventos esportivos."}, {"id": "3323", "ano": "2025", "numero": "57", "tipo__sigla": "IND", "tipo__descricao": "INDICA\u00c7\u00d5ES", "autoria": "DANUBIO", "texto_original": "http://sapl.pocone.mt.leg.br/media/sapl/public/materialegislativa/2025/3323/indicacao_no_003-2025..pdf", "ementa": "O vereador que a esta subscreve, nos termos do Regimento Interno da Casa, INDICA as Suas Excel\u00eancias Jonas Eduardo Queiroz Moraes, Prefeito Municipal, Camila Barbosa Moreira Silva, Secret\u00e1ria Municipal de Educa\u00e7\u00e3o, Alan Porto, Secret\u00e1rio de Estado de Educa\u00e7\u00e3o, no sentido de buscar entendimentos e tomadas de provid\u00eancias necess\u00e1rias para Constru\u00e7\u00e3o de Escola Municipal no Distrito de Cangas, Pocon\u00e9 \u2013 MT, em decorr\u00eancia do crescente aumento da demanda por vagas na Educa\u00e7\u00e3o Fundamental I, proveniente do processo de redimensionamento das turmas do fundamental I, da rede do Estado para a Rede Municipal, conforme demonstrados nos itens a baixos partes integrantes desta propositura ."}, {"id": "3324", "ano": "2025", "numero": "58", "tipo__sigla": "IND", "tipo__descricao": "INDICA\u00c7\u00d5ES", "autoria": "DANUBIO", "texto_original": "http://sapl.pocone.mt.leg.br/media/sapl/public/materialegislativa/2025/3324/indicacao_no_004-2025..pdf", "ementa": "O vereador que a esta subscreve, nos termos do Regimento Interno da Casa, INDICA as Suas Excel\u00eancias Jonas Eduardo Queiroz Moraes, Prefeito Municipal, Edson de Campos Oliveira, Secret\u00e1rio Municipal de Planejamento e Administra\u00e7\u00e3o, no sentido de buscar entendimentos e tomadas de provid\u00eancias para a nomea\u00e7\u00e3o do Chefe de Divis\u00e3o Distrital para o Distrito 120, munic\u00edpio de Pocon\u00e9 \u2013 MT."}, {"id": "3325", "ano": "2025", "numero": "59", "tipo__sigla": "IND", "tipo__descricao": "INDICA\u00c7\u00d5ES", "autoria": "S\u00c9RGIO MARACAN\u00c3", "texto_original": "http://sapl.pocone.mt.leg.br/media/sapl/public/materialegislativa/2025/3325/indicacao_no_001-2025..pdf", "ementa": "O Vereador que a este subscreve, nos termos do Regimento Interno da Casa, ouvindo o Plen\u00e1rio, INDICA as Suas Excel\u00eancias Jonas Eduardo Queiros Moraes, Prefeito Municipal, Amarildo Schmieleski, Secret\u00e1rio Municipal de Infraestrutura, a viabilidade de manuten\u00e7\u00e3o na pavimenta\u00e7\u00e3o asf\u00e1ltica da Avenida Pinheiro Machado, trecho compreendido da Travessa Santa F\u00e9 a Escola Municipal Eloisa Elena aproximadamente 700 metros de extens\u00e3o localizada no bairro S\u00e3o Judas Tadeu, cidade de Pocon\u00e9 \u2013 MT."}, {"id": "3326", "ano": "2025", "numero": "60", "tipo__sigla": "IND", "tipo__descricao": "INDICA\u00c7\u00d5ES", "autoria": "S\u00c9RGIO MARACAN\u00c3", "texto_original": "http://sapl.pocone.mt.leg.br/media/sapl/public/materialegislativa/2025/3326/indicacao_no_002-2025..pdf", "ementa": "O Vereador que a este subscreve, nos termos do Regimento Interno da Casa, ouvindo o Plen\u00e1rio, INDICA as Suas Excel\u00eancias Jonas Eduardo Queiros Moraes, Prefeito Municipal, Felipe Neves, Diretor Municipal de  \u00c1gua e Esgoto, Empresa \u00c1guas Brasil Central,  viabilize extens\u00e3o de rede de distribui\u00e7\u00e3o de \u00e1gua em vias p\u00fablicas situadas nos bairros Aeroporto, Santa Catarina e Ol\u00edmpio Tim\u00f3teo, cidade de Pocon\u00e9 \u2013 MT."}, {"id": "3327", "ano": "2025", "numero": "61", "tipo__sigla": "IND", "tipo__descricao": "INDICA\u00c7\u00d5ES", "autoria": "S\u00c9RGIO MARACAN\u00c3", "texto_original": "http://sapl.pocone.mt.leg.br/media/sapl/public/materialegislativa/2025/3327/indicacao_no_003-2025..pdf", "ementa": "O Vereador que a este subscreve, nos termos do Regimento\r\nInterno da Casa, ouvindo o Plen\u00e1rio, INDICA a Suas Excel\u00eancia Jonas Eduardo\r\nQueiros Moraes, Prefeito Municipal, no sentido de tomar as provid\u00eancias\r\nnecess\u00e1rias para retomada de asfaltos nas ruas solteiras da cidade de Pocon\u00e9\r\n\u2013 MT."}, {"id": "3328", "ano": "2025", "numero": "62", "tipo__sigla": "IND", "tipo__descricao": "INDICA\u00c7\u00d5ES", "autoria": "S\u00c9RGIO MARACAN\u00c3", "texto_original": "http://sapl.pocone.mt.leg.br/media/sapl/public/materialegislativa/2025/3328/indicacao_no_005-2025..pdf", "ementa": "O Vereador que a este subscreve, nos termos do Regimento Interno da Casa, ouvindo o Plen\u00e1rio, INDICA as Suas Excel\u00eancias Jonas Eduardo Queiroz Moraes, Prefeito Municipal, Amarildo Schmieleski, Secret\u00e1rio Municipal de Infraestrutura, no sentido de buscar entendimentos e tomadas de provid\u00eancias com a finalidade de realizar servi\u00e7o de micro revestimento asf\u00e1ltico nas vias p\u00fablicas localizadas no populoso bairro Jo\u00e3o Godofredo, cidade de Pocon\u00e9-MT."}, {"id": "3329", "ano": "2025", "numero": "63", "tipo__sigla": "IND", "tipo__descricao": "INDICA\u00c7\u00d5ES", "autoria": "S\u00c9RGIO MARACAN\u00c3", "texto_original": "http://sapl.pocone.mt.leg.br/media/sapl/public/materialegislativa/2025/3329/indicacao_no_006-2025..pdf", "ementa": "O Vereador que a este subscreve, nos termos do Regimento Interno da Casa, ouvindo o Plen\u00e1rio, INDICA as Suas Excel\u00eancias Jonas Eduardo Queiroz Moraes, Prefeito Municipal, Amarildo Schmieleski, Secret\u00e1rio Municipal de Infraestrutura, no sentido de viabilizar constru\u00e7\u00e3o de redutor de velocidade, \u201colho de gato\u201d, ou faixa elevada de pedestre,  na Avenida Mato Grosso, proximidades do GM Amaral Morro do Gato, bairro Bom Pastor, cidade de Pocon\u00e9 \u2013 MT."}, {"id": "3330", "ano": "2025", "numero": "64", "tipo__sigla": "IND", "tipo__descricao": "INDICA\u00c7\u00d5ES", "autoria": "S\u00c9RGIO MARACAN\u00c3", "texto_original": "http://sapl.pocone.mt.leg.br/media/sapl/public/materialegislativa/2025/3330/indicacao_no_007-2025..pdf", "ementa": "O Vereador que a este subscreve, nos termos do Regimento Interno da Casa, ouvindo o Plen\u00e1rio, INDICA as Suas Excel\u00eancias Jonas Eduardo Queiroz Moraes, Prefeito Municipal, Amarildo Schmieleski, Secret\u00e1rio Municipal de Infraestrutura, no sentido de buscar entendimentos e tomadas de provid\u00eancias para efetuar manuten\u00e7\u00e3o com servi\u00e7os de patrolamento e coloca\u00e7\u00e3o de cascalho nos pontos cr\u00edticos que demandam a estrada rural Valduino Martins de Oliveira, comunidade Cap\u00e3o de Angico, bem como na Estrada Parque Z\u00e9lito Dorileo/Transpantaneira, proximidades da Fazenda da Esperan\u00e7a, \u201cSeis Maria Bebedouro\u201d, munic\u00edpio de Pocon\u00e9 \u2013 MT."}, {"id": "3331", "ano": "2025", "numero": "65", "tipo__sigla": "IND", "tipo__descricao": "INDICA\u00c7\u00d5ES", "autoria": "S\u00c9RGIO MARACAN\u00c3", "texto_original": "http://sapl.pocone.mt.leg.br/media/sapl/public/materialegislativa/2025/3331/indicacao_no_008-2025..pdf", "ementa": "Os Vereadores que a este subscrevem, nos termos do Regimento Interno da Casa, ouvindo o Plen\u00e1rio, INDICAM as Suas Excel\u00eancias Jonas Eduardo Queiroz Moraes, Prefeito Municipal, Amarildo Schmieleski, Secret\u00e1rio Municipal de Infraestrutura, no sentido de buscar entendimentos e tomadas de provid\u00eancias para efetuar servi\u00e7o de patrolamento e coloca\u00e7\u00e3o de cascalhos, em pontos criticos da estrada que d\u00e1 acesso as Comunidades Rural Maravilha e Bittencourt, munic\u00edpio de Pocon\u00e9 \u2013 MT."}, {"id": "3280", "ano": "2025", "numero": "1", "tipo__sigla": "MOC", "tipo__descricao": "MO\u00c7\u00d5ES", "autoria": "BENEDITO AUR\u00c9LIO", "texto_original": "http://sapl.pocone.mt.leg.br/media/sapl/public/materialegislativa/2025/3280/mocao_no_001-2025..pdf", "ementa": "A C\u00e2mara Municipal de Pocon\u00e9, Estado de Mato Grosso, atrav\u00e9s dos Vereadores que a comp\u00f5em leg\u00edtimo representante do povo poconeano, apresenta Mo\u00e7\u00e3o de Aplausos aos Senhores Edinardo Gon\u00e7alo de Oliveira, Coordenador da Vigil\u00e2ncia Sanit\u00e1ria, L\u00facio Santana de Oliveira e Odinei de Moraes, T\u00e9cnicos da Vigil\u00e2ncia Sanit\u00e1ria, lotados na Secretaria Municipal de Sa\u00fade,  pelo excelente desempenho no exerc\u00edcio de suas fun\u00e7\u00f5es, comprometidos com melhoramentos da sa\u00fade p\u00fablica,  trabalhos incans\u00e1veis realizados para garantir a seguran\u00e7a sanit\u00e1ria de nossa popula\u00e7\u00e3o.\r\n     Os profissionais acima mencionados t\u00eam se destacado em suas fun\u00e7\u00f5es pela compet\u00eancia, dedica\u00e7\u00e3o e seriedade, contribuindo de maneira significativa para o bem-estar e a qualidade de vida da nossa comunidade, a\u00e7\u00f5es que merecem o reconhecimento do Poder Legislativo.\r\n      Que seja dado conhecimento desta aos homenageados.\r\n                     Sala das Sess\u00f5es Josefa Gon\u00e7alves, 17 de mar\u00e7o de 2024."}, {"id": "3308", "ano": "2025", "numero": "2", "tipo__sigla": "MOC", "tipo__descricao": "MO\u00c7\u00d5ES", "autoria": "DR FELIPE S\u00c9RGIO", "texto_original": "http://sapl.pocone.mt.leg.br/media/sapl/public/materialegislativa/2025/3308/mocao_de_aplausos_no_001-2025_ver._felipe_sergio.pdf", "ementa": "A C\u00e2mara Municipal de Pocon\u00e9, Estado de Mato Grosso, atrav\u00e9s dos Vereadores que a comp\u00f5em leg\u00edtimo representante do povo poconeano apresenta, Mo\u00e7\u00e3o de Aplausos, a Senhora Maria Eduarda Louren\u00e7o Martins, pelo relevante trabalho que vem desempenhando na \u00e1rea de fisioterapia e pelo bom atendimento prestado aos nossos mun\u00edcipes, agindo sempre com lisura e responsabilidade na cidade de Pocon\u00e9 - MT.\r\n\r\nIsto posto, solicita, ainda, que do teor desta seja dado conhecimento a homenageada, externando os votos de parab\u00e9ns do legislativo poconeano em nome dos atendidos. Considerando que em 08 de mar\u00e7o comemora-se o Dia Internacional da Mulher prestamos esta justa homenagem a senhora Maria Eduarda Louren\u00e7o Martins."}, {"id": "3309", "ano": "2025", "numero": "3", "tipo__sigla": "MOC", "tipo__descricao": "MO\u00c7\u00d5ES", "autoria": "DR FELIPE S\u00c9RGIO", "texto_original": "http://sapl.pocone.mt.leg.br/media/sapl/public/materialegislativa/2025/3309/mocao_de_aplausos_no_002-2025_ver._felipe_sergio.pdf", "ementa": "A C\u00e2mara Municipal de Pocon\u00e9, Estado de Mato Grosso, atrav\u00e9s dos Vereadores que a comp\u00f5em leg\u00edtimo representante do povo poconeano apresenta, Mo\u00e7\u00e3o de Aplausos a Artes\u00e3 Ivonete Ant\u00f4nia da Silva, pelo reconhecimento aos relevantes servi\u00e7os prestados \u00e0 arte e \u00e0 cultura local.\r\nA arte tem o poder de transformar, inspirar e conectar pessoas, e \u00e9 por meio de gestos como o da artes\u00e3 que a riqueza cultural de nossa cidade \u00e9 enriquecida. Sua dedica\u00e7\u00e3o, criatividade e empenho em preservar e divulgar as tradi\u00e7\u00f5es artesanais t\u00eam sido uma fonte de inspira\u00e7\u00e3o para todos que a conhecem.\r\nCom seu trabalho minucioso e talentoso, tem representado com orgulho o esp\u00edrito da nossa comunidade, transmitindo n\u00e3o apenas o saber fazer, mas tamb\u00e9m a hist\u00f3ria e as ra\u00edzes de nossa cultura, al\u00e9m de gerar um impacto positivo no desenvolvimento social e econ\u00f4mico de nossa cidade."}, {"id": "3310", "ano": "2025", "numero": "4", "tipo__sigla": "MOC", "tipo__descricao": "MO\u00c7\u00d5ES", "autoria": "DR FELIPE S\u00c9RGIO", "texto_original": "http://sapl.pocone.mt.leg.br/media/sapl/public/materialegislativa/2025/3310/mocao_de_aplausos_no_003-2025_ver._felipe_sergio.pdf", "ementa": "A C\u00e2mara Municipal de Pocon\u00e9, Estado de Mato Grosso, atrav\u00e9s dos Vereadores que a comp\u00f5em leg\u00edtimo representante do povo poconeano apresenta, Mo\u00e7\u00e3o de Aplausos a Dra. Nadielly Garbin,  Presidente da Subse\u00e7\u00e3o da OAB de V\u00e1rzea Grande, pelo excelente trabalho prestado em prol dos advogados do nosso munic\u00edpio de Pocon\u00e9."}, {"id": "3275", "ano": "2025", "numero": "1", "tipo__sigla": "MPS", "tipo__descricao": "MO\u00c7\u00c3O DE PESAR", "autoria": "BENEDITO AUR\u00c9LIO", "texto_original": "http://sapl.pocone.mt.leg.br/media/sapl/public/materialegislativa/2025/3275/mocao_de_pesar_o_001-2025_vereador_benedito.pdf", "ementa": "Mo\u00e7\u00e3o de Pesar aos \r\nfamiliares e amigos da \r\nSenhora Meire L\u00facia Proen\u00e7a\r\nPocon\u00e9- MT.\r\n\r\n\r\n\r\nExm. Sr. Presidente da C\u00e2mara Municipal de Pocon\u00e9-MT.\r\n\r\nA C\u00e2mara Municipal de Pocon\u00e9, Estado de Mato Grosso, atrav\u00e9s dos Vereadores que a comp\u00f5em leg\u00edtimo representante do povo poconeano apresenta condol\u00eancias aos familiares da Senhora Meire L\u00facia Proen\u00e7a, pelo o seu falecimento ocorrido no dia 04 de mar\u00e7o de 2025. \r\n\r\n\u201cManifestamos nosso profundo respeito e rogando a Deus que traga conforto aos cora\u00e7\u00f5es enlutados. Desejamos que a paz, o consolo e a for\u00e7a da f\u00e9 reinem no meio de todos, destacando o amor a Deus sobre todas as coisas para que a Senhora Meire L\u00facia Proen\u00e7a, descanse em paz\u201d.\r\n\r\n                                Sala das Sess\u00f5es Josefa Gon\u00e7alves, em 06 de mar\u00e7o de 2025.\r\n\r\n\r\n                             Vereador Benedito Aur\u00e9lio, PSDB."}, {"id": "3276", "ano": "2025", "numero": "2", "tipo__sigla": "MPS", "tipo__descricao": "MO\u00c7\u00c3O DE PESAR", "autoria": "BENEDITO AUR\u00c9LIO", "texto_original": "http://sapl.pocone.mt.leg.br/media/sapl/public/materialegislativa/2025/3276/mocao_de_pesar_o_002-2025_vereador_benedito.pdf", "ementa": "Mo\u00e7\u00e3o de Pesar aos \r\nfamiliares e amigos do \r\nSenhor Antenor Alves Santos Neto\r\nPocon\u00e9- MT.\r\n\r\n\r\n\r\nExm. Sr. Presidente da C\u00e2mara Municipal de Pocon\u00e9-MT.\r\n\r\nA C\u00e2mara Municipal de Pocon\u00e9, Estado de Mato Grosso, atrav\u00e9s dos Vereadores que a comp\u00f5em leg\u00edtimo representante do povo poconeano apresenta condol\u00eancias aos familiares do Senhor Antenor Alves Santos Neto, pelo o seu falecimento ocorrido no dia 05 de mar\u00e7o de 2025. \r\n\r\n\u201cManifestamos nosso profundo respeito e rogando a Deus que traga conforto aos cora\u00e7\u00f5es enlutados. Desejamos que a paz, o consolo e a for\u00e7a da f\u00e9 reinem no meio de todos, destacando o amor a Deus sobre todas as coisas para que o Senhor Antenor Alves Santos Neto, descanse em paz\u201d.\r\n\r\n                                Sala das Sess\u00f5es Josefa Gon\u00e7alves, em 06 de mar\u00e7o de 2025.\r\n\r\n\r\n                             Vereador Benedito Aur\u00e9lio, PSDB."}, {"id": "3277", "ano": "2025", "numero": "3", "tipo__sigla": "MPS", "tipo__descricao": "MO\u00c7\u00c3O DE PESAR", "autoria": "BENEDITO AUR\u00c9LIO", "texto_original": "http://sapl.pocone.mt.leg.br/media/sapl/public/materialegislativa/2025/3277/mocao_de_pesar_o_003-2025_vereador_benedito.pdf", "ementa": "Mo\u00e7\u00e3o de Pesar aos \r\nfamiliares e amigos do \r\nSenhor Sebasti\u00e3o de Arruda Fialho\r\nPocon\u00e9- MT.\r\n\r\n\r\n\r\nExm. Sr. Presidente da C\u00e2mara Municipal de Pocon\u00e9-MT.\r\n\r\nA C\u00e2mara Municipal de Pocon\u00e9, Estado de Mato Grosso, atrav\u00e9s dos Vereadores que a comp\u00f5em leg\u00edtimo representante do povo poconeano apresenta condol\u00eancias aos familiares do Senhor Sebasti\u00e3o de Arruda Fialho, pelo o seu falecimento ocorrido no dia 05 de mar\u00e7o de 2025. \r\n\r\n\u201cManifestamos nosso profundo respeito e rogando a Deus que traga conforto aos cora\u00e7\u00f5es enlutados. Desejamos que a paz, o consolo e a for\u00e7a da f\u00e9 reinem no meio de todos, destacando o amor a Deus sobre todas as coisas para que o Senhor Sebasti\u00e3o de Arruda Fialho, descanse em paz\u201d.\r\n\r\n                                Sala das Sess\u00f5es Josefa Gon\u00e7alves, em 06 de mar\u00e7o de 2025.\r\n\r\n\r\n                             Vereador Benedito Aur\u00e9lio, PSDB."}, {"id": "3278", "ano": "2025", "numero": "4", "tipo__sigla": "MPS", "tipo__descricao": "MO\u00c7\u00c3O DE PESAR", "autoria": "BENEDITO AUR\u00c9LIO", "texto_original": "http://sapl.pocone.mt.leg.br/media/sapl/public/materialegislativa/2025/3278/mocao_de_pesar_o_004-2025_vereador_benedito.pdf", "ementa": "Mo\u00e7\u00e3o de Pesar aos \r\nfamiliares e amigos do \r\nSenhor Rodrigo Silva do Nascimento\r\nPocon\u00e9- MT.\r\n\r\n\r\n\r\nExm. Sr. Presidente da C\u00e2mara Municipal de Pocon\u00e9-MT.\r\n\r\nA C\u00e2mara Municipal de Pocon\u00e9, Estado de Mato Grosso, atrav\u00e9s dos Vereadores que a comp\u00f5em leg\u00edtimo representante do povo poconeano apresenta condol\u00eancias aos familiares do Senhor Rodrigo Silva do Nascimento, pelo o seu falecimento ocorrido no dia 14 de mar\u00e7o de 2025. \r\n\r\n\u201cManifestamos nosso profundo respeito e rogando a Deus que traga conforto aos cora\u00e7\u00f5es enlutados. Desejamos que a paz, o consolo e a for\u00e7a da f\u00e9 reinem no meio de todos, destacando o amor a Deus sobre todas as coisas para que o Senhor Rodrigo Silva do Nascimento, descanse em paz\u201d.\r\n\r\n                                Sala das Sess\u00f5es Josefa Gon\u00e7alves, em 17 de mar\u00e7o de 2025.\r\n\r\n\r\n                             Vereador Benedito Aur\u00e9lio, PSDB."}, {"id": "3279", "ano": "2025", "numero": "5", "tipo__sigla": "MPS", "tipo__descricao": "MO\u00c7\u00c3O DE PESAR", "autoria": "BENEDITO AUR\u00c9LIO", "texto_original": "http://sapl.pocone.mt.leg.br/media/sapl/public/materialegislativa/2025/3279/mocao_de_pesar_o_005-2025_vereador_benedito.pdf", "ementa": "Mo\u00e7\u00e3o de Pesar aos \r\nfamiliares e amigos da\r\nSenhora Luciara de Souza\r\nPocon\u00e9- MT.\r\n\r\n\r\n\r\nExm. Sr. Presidente da C\u00e2mara Municipal de Pocon\u00e9-MT.\r\n\r\nA C\u00e2mara Municipal de Pocon\u00e9, Estado de Mato Grosso, atrav\u00e9s dos Vereadores que a comp\u00f5em leg\u00edtimo representante do povo poconeano apresenta condol\u00eancias aos familiares da Senhora Luciara de Souza, pelo o seu falecimento ocorrido no dia 16 de mar\u00e7o de 2025. \r\n\r\n\u201cManifestamos nosso profundo respeito e rogando a Deus que traga conforto aos cora\u00e7\u00f5es enlutados. Desejamos que a paz, o consolo e a for\u00e7a da f\u00e9 reinem no meio de todos, destacando o amor a Deus sobre todas as coisas para que a Senhora Luciara de Souza, descanse em paz\u201d.\r\n\r\n                                Sala das Sess\u00f5es Josefa Gon\u00e7alves, em 17 de mar\u00e7o de 2025.\r\n\r\n\r\n  Ver. Benedito Aur\u00e9lio, PSDB.                                      Ver. Edinho Ball, UB."}, {"id": "3311", "ano": "2025", "numero": "1", "tipo__sigla": "REQC", "tipo__descricao": "REQUERIMENTOS COMUNS", "autoria": "DR FELIPE S\u00c9RGIO", "texto_original": "http://sapl.pocone.mt.leg.br/media/sapl/public/materialegislativa/2025/3311/requerimento_no_001-2025_vereador_felipe_sergio..pdf", "ementa": "Os Vereadores que a esta subscrevem, nos termos do Regimento Interno da Casa, ouvido o Plen\u00e1rio, REQUER a Mesa Diretora, seja oficializado as Suas Excel\u00eancias Jonas Eduardo Queiroz Moraes, Prefeito Municipal, Itamar Louren\u00e7o da Silva, Secret\u00e1rio Municipal de Sa\u00fade, Raul Rondon, Diretor da Unidade de Pronto Atendimento M\u00e9dico \u2013 UPA, informa\u00e7\u00f5es detalhadas e a ado\u00e7\u00e3o de medidas urgentes sobre o ocorrido na Unidade de Pronto Atendimento (UPA) de Pocon\u00e9 no dia 03 de mar\u00e7o de 2025, envolvendo o atendimento a uma gestante em trabalho de parto."}]}