{"headers": {"id": "ID", "ano": "Ano", "numero": "N\u00famero", "tipo__sigla": "Tipo Documento/Sigla", "tipo__descricao": "Tipo Documento/Descri\u00e7\u00e3o", "assunto": "Assunto"}, "results": [{"id": "143", "ano": "2021", "numero": "1", "tipo__sigla": "RES", "tipo__descricao": "RESOLU\u00c7\u00c3O", "assunto": "DISP\u00d5E SOBRE A TRANSFER\u00caNCIA DE BENS M\u00d3VEIS OCIOSOS PARA O PATRIM\u00d4NIO DA PREFEITURA MUNICIPAL DE POCON\u00c9-MT."}, {"id": "180", "ano": "2022", "numero": "1", "tipo__sigla": "RES", "tipo__descricao": "RESOLU\u00c7\u00c3O", "assunto": "Fica criada a Ouvidoria da C\u00e2mara Municipal de\r\nPocon\u00e9 - MT, vinculada \u00e0 Secretaria de Administra\u00e7\u00e3o, com a finalidade de\r\nexercer as compet\u00eancias definidas nos cap\u00edtulos III e IV da Lei n\u00ba 13.460, de\r\n26 de junho de 2017, e art. 4\u00ba - A da Lei n\u00ba 13.608, de 10 de janeiro de\r\n2018."}, {"id": "200", "ano": "2022", "numero": "2", "tipo__sigla": "RES", "tipo__descricao": "RESOLU\u00c7\u00c3O", "assunto": "Fica institu\u00eddo o aux\u00edlio-alimenta\u00e7\u00e3o, que ser\u00e3o concedidos mensalmente aos servidores p\u00fablicos efetivos, est\u00e1veis e comissionados da C\u00e2mara Municipal de Pocon\u00e9 na condi\u00e7\u00e3o de ativos, pelos dias efetivamente trabalhados, nos seguintes termos:"}, {"id": "201", "ano": "2022", "numero": "3", "tipo__sigla": "RES", "tipo__descricao": "RESOLU\u00c7\u00c3O", "assunto": "Motivada pela Resolu\u00e7\u00e3o n\u00ba 361 de 17 de maio de 2022, fica prorrogado por 180 dias, o pedido de licen\u00e7a, concedida ao vereador AMARILDO SCHMIELESKI, do cargo de Vereador, a partir de 28 de novembro de 2022, nos termos do artigo 91, Inciso I, do Regimento Interno desta C\u00e2mara Municipal de Pocon\u00e9-MT, para desempenhar miss\u00e3o p\u00fablica de car\u00e1ter tempor\u00e1ria, na Prefeitura Municipal de Pocon\u00e9, Secret\u00e1rio de Desenvolvimento Agropecu\u00e1rio Rural."}, {"id": "202", "ano": "2022", "numero": "4", "tipo__sigla": "RES", "tipo__descricao": "RESOLU\u00c7\u00c3O", "assunto": "Motivada pela Resolu\u00e7\u00e3o n\u00ba 359 de 01 de dezembro de 2021, fica prorrogado por 180 dias, o pedido de licen\u00e7a, concedida ao vereador AMARILDO SCHMIELESKI, do cargo de Vereador, a partir de 01 de junho de 2022, nos termos do artigo 91, Inciso I, do Regimento Interno desta C\u00e2mara Municipal de Pocon\u00e9-MT, para desempenhar miss\u00e3o p\u00fablica de car\u00e1ter tempor\u00e1ria, na Prefeitura Municipal de Pocon\u00e9, Secret\u00e1rio de Desenvolvimento Agropecu\u00e1rio Rural."}, {"id": "206", "ano": "2022", "numero": "5", "tipo__sigla": "RES", "tipo__descricao": "RESOLU\u00c7\u00c3O", "assunto": "RESOLU\u00c7\u00c3O N\u00ba 364 DE 28 DE DEZEMBRO DE 2022.\r\nINSTITUI O REGULAMENTO DE USO DO VE\u00cdCULO OFICIAL DA C\u00c2MARA MUNICIPAL DE POCON\u00c9 E D\u00c1 OUTRAS PROVID\u00caNCIAS."}, {"id": "250", "ano": "2023", "numero": "1", "tipo__sigla": "RES", "tipo__descricao": "RESOLU\u00c7\u00c3O", "assunto": "RESOLU\u00c7\u00c3O N\u00ba 365 DE 18 DE ABRIL DE 2023.\r\n\r\nDISP\u00d5E SOBRE A REVOGA\u00c7\u00c3O DA RESOLU\u00c7\u00c3O N\u00ba 332 DE 14 DE MAR\u00c7O DE 2016, QUE TRATA DA REVERS\u00c3O DE UM LOTE DE TERRENO INCORPORADO AOS BENS PATRIMONIAIS DO PODER EXECUTIVO MUNICIPAL, MUNIC\u00cdPIO DE POCON\u00c9-MT."}, {"id": "253", "ano": "2023", "numero": "2", "tipo__sigla": "RES", "tipo__descricao": "RESOLU\u00c7\u00c3O", "assunto": "RESOLU\u00c7\u00c3O N\u00ba 366 DE 25 DE ABRIL DE 2023.\r\n\r\nALTERA A REDA\u00c7\u00c3O DO ARTIGO 101 E ACRESCENTA PARAGRAFO \u00daNICO NO ARTIGO 101 DO REGIMENTO INTERNO DA C\u00c3MARA MUNICIPAL DE POCON\u00c9, ESTADO DE MATO GROSSO."}, {"id": "254", "ano": "2023", "numero": "3", "tipo__sigla": "RES", "tipo__descricao": "RESOLU\u00c7\u00c3O", "assunto": "RESOLU\u00c7\u00c3O N\u00ba 367 DE 25 DE ABRIL DE 2023.\r\n\r\n\r\nDISP\u00d5E SOBRE CONCESS\u00c3O DE LICEN\u00c7A A VEREADORA F\u00c1TIMA DE AQUINO."}, {"id": "255", "ano": "2023", "numero": "4", "tipo__sigla": "RES", "tipo__descricao": "RESOLU\u00c7\u00c3O", "assunto": "RESOLU\u00c7\u00c3O N\u00ba 368 DE 09 DE MAIO DE 2023.\r\n\r\nREGULAMENTA O DISPOSTO NO \u00a7 3\u00ba DO ART. 8\u00ba DA LEI N\u00ba 14.133, DE 1\u00ba DE ABRIL DE 2021, PARA DISPOR SOBRE AS REGRAS DO FUNCIONAMENTO DA COMISS\u00c3O DE CONTRATA\u00c7\u00c3O E A ATUA\u00c7\u00c3O DOS GESTORES E FISCAIS DE CONTRATOS, NO \u00c2MBITO DO PODER LEGISLATIVO DE POCON\u00c9/MT."}, {"id": "258", "ano": "2023", "numero": "5", "tipo__sigla": "RES", "tipo__descricao": "RESOLU\u00c7\u00c3O", "assunto": "RESOLU\u00c7\u00c3O N\u00ba 369 DE 16 DE MAIO DE 2023.\r\n\r\n\r\nREGULAMENTA O INCISO VII DO ART. 12 DA LEI N\u00ba 14.133/2021, PARA DISPOR SOBRE O PLANO DE CONTRATA\u00c7\u00d5ES ANUAL \u2013 PCA NO \u00c2MBITO DA ADMINISTRA\u00c7\u00c3O P\u00daBLICA DO PODER LEGISLATIVO."}, {"id": "259", "ano": "2023", "numero": "6", "tipo__sigla": "RES", "tipo__descricao": "RESOLU\u00c7\u00c3O", "assunto": "RESOLU\u00c7\u00c3O N\u00ba 370 DE 23 DE MAIO DE 2023.\r\n\r\n\r\nDISP\u00d5E SOBRE CONCESS\u00c3O DE LICEN\u00c7A AO VEREADOR AMARILDO SCHMIELESKI."}, {"id": "267", "ano": "2023", "numero": "7", "tipo__sigla": "RES", "tipo__descricao": "RESOLU\u00c7\u00c3O", "assunto": "RESOLU\u00c7\u00c3O N\u00ba 371 DE 27 DE JUNHO DE 2023.\r\n\r\n\r\nDISP\u00d5E SOBRE CONCESS\u00c3O DE LICEN\u00c7A A VEREADORA AGEANE SILVA BARROS NEVES."}, {"id": "278", "ano": "2023", "numero": "8", "tipo__sigla": "RES", "tipo__descricao": "RESOLU\u00c7\u00c3O", "assunto": "RESOLU\u00c7\u00c3O N\u00ba 372 DE 19 DE SETEMBRO DE 2023.\r\n\r\nCONSTITUI A COMISS\u00c3O DE ASSUNTOS RELEVANTES DA C\u00c2MARA MUNICIPAL DE POCON\u00c9 VISANDO O ACOMPANHAMENTO E CONTRIBUI\u00c7\u00c3O AO PROJETO BID PANTANAL RETOMADO PELO MINIST\u00c9RIO DA AGRICULTURA."}, {"id": "282", "ano": "2023", "numero": "9", "tipo__sigla": "RES", "tipo__descricao": "RESOLU\u00c7\u00c3O", "assunto": "RESOLU\u00c7\u00c3O N\u00ba 373 DE 26 DE SETEMBRO DE 2023.\r\n\r\nALTERA REDA\u00c7\u00c3O DO ARTIGO 34 DA RESOLU\u00c7\u00c3O N\u00ba 325, DE 13 DE OUTUBRO DE 2015, DISP\u00d5E SOBRE A ESTRUTURA\u00c7\u00c3O DO PLANO DE CARGOS, CARREIRAS DOS SERVIDORES DA C\u00c2MARA MUNICIPAL DE POCON\u00c9 \u2013 MT E D\u00c1 OUTRAS PROVID\u00caNCIAS."}, {"id": "302", "ano": "2023", "numero": "10", "tipo__sigla": "RES", "tipo__descricao": "RESOLU\u00c7\u00c3O", "assunto": "RESOLU\u00c7\u00c3O N\u00ba 374 DE 05 DE DEZEMBRO DE 2023.\r\n\r\nDISP\u00d5E SOBRE AS NORMAS E PROCEDIMENTOS PARA AQUISI\u00c7\u00c3O DE BENS E SERVI\u00c7OS MEDIANTE DISPENSA DE LICITA\u00c7\u00c3O, NO \u00c2MBITO DO PODER LEGISLATIVO, E DA OUTRAS PROVID\u00caNCIAS."}, {"id": "317", "ano": "2024", "numero": "1", "tipo__sigla": "RES", "tipo__descricao": "RESOLU\u00c7\u00c3O", "assunto": "RESOLU\u00c7\u00c3O N\u00ba 375 DE 27 DE FEVEREIRO DE 2024. DISP\u00d5E SOBRE CONCESS\u00c3O DE LICEN\u00c7A AO VEREADOR LU\u00cdS EDUARDO ALMEIDA DE AQUINO NUNES."}, {"id": "318", "ano": "2024", "numero": "2", "tipo__sigla": "RES", "tipo__descricao": "RESOLU\u00c7\u00c3O", "assunto": "RESOLU\u00c7\u00c3O N\u00ba 376 DE 19 DE MAR\u00c7O DE 2024. CORRIGE O VALOR DO AUX\u00cdLIO-ALIMENTA\u00c7\u00c3O DOS SERVIDORES DO PODER LEGISLATIVO."}, {"id": "333", "ano": "2024", "numero": "3", "tipo__sigla": "RES", "tipo__descricao": "RESOLU\u00c7\u00c3O", "assunto": "RESOLU\u00c7\u00c3O N\u00ba 377 DE 25 DE JUNHO DE 2024.\r\n\r\n\r\nDISP\u00d5E SOBRE RECEBIMENTO E PROCESSAMENTO DE DEN\u00daNCIA CONTRA O VEREADOR ITAMAR LOUREN\u00c7O DA SILVA."}, {"id": "334", "ano": "2024", "numero": "4", "tipo__sigla": "RES", "tipo__descricao": "RESOLU\u00c7\u00c3O", "assunto": "RESOLU\u00c7\u00c3O N\u00ba 378 DE 02 DE JULHO DE 2024.\r\n\r\n\r\nDISP\u00d5E SOBRE INSTITUI\u00c7\u00c3O DE COMISS\u00c3O DE INVESTIGA\u00c7\u00c3O E PROCESSANTE PARA APURAR QUEBRA DE DECORO PARLAMENTAR DE VEREADOR NO EXERC\u00cdCIO DO MANDATO NA C\u00c2MARA MUNICIPAL DE POCON\u00c9-MT."}, {"id": "405", "ano": "2025", "numero": "1", "tipo__sigla": "RES", "tipo__descricao": "RESOLU\u00c7\u00c3O", "assunto": "RESOLU\u00c7\u00c3O N\u00ba 379 DE 15 DE ABRIL DE 2025.\r\n\r\n\r\nDISP\u00d5E SOBRE A TRANSFER\u00caNCIA DE BENS M\u00d3VEIS OCIOSOS PARA O PATRIM\u00d4NIO DA PREFEITURA MUNICIPAL DE POCON\u00c9-MT."}, {"id": "406", "ano": "2025", "numero": "2", "tipo__sigla": "RES", "tipo__descricao": "RESOLU\u00c7\u00c3O", "assunto": "RESOLU\u00c7\u00c3O N\u00ba 380 DE 06 DE MAIO DE 2025.\r\n\r\n\r\nDISP\u00d5E SOBRE CONCESS\u00c3O DE LICEN\u00c7A A VEREADORA WALDINEYA STEFANY SANTOS DE JESUS PAULA."}, {"id": "407", "ano": "2025", "numero": "3", "tipo__sigla": "RES", "tipo__descricao": "RESOLU\u00c7\u00c3O", "assunto": "RESOLU\u00c7\u00c3O N\u00ba 381 DE 13 DE MAIO DE 2025.\r\n\r\n\r\nDISP\u00d5E SOBRE CONCESS\u00c3O DE LICEN\u00c7A A VEREADORA JOSSIELMA ALVES DA SILVA."}, {"id": "408", "ano": "2025", "numero": "4", "tipo__sigla": "RES", "tipo__descricao": "RESOLU\u00c7\u00c3O", "assunto": "RESOLU\u00c7\u00c3O N\u00ba 382 DE 20 DE MAIO DE 2025.\r\n\r\n\r\nCRIA A PROCURADORIA DA MULHER NA C\u00c2MARA MUNICIPAL DE POCON\u00c9 E ESTABELECE SUAS COMPET\u00caNCIAS E ORGANIZA\u00c7\u00c3O."}, {"id": "409", "ano": "2025", "numero": "5", "tipo__sigla": "RES", "tipo__descricao": "RESOLU\u00c7\u00c3O", "assunto": "RESOLU\u00c7\u00c3O N\u00ba 383 DE 22 DE MAIO DE 2025.\r\n\r\n\r\nALTERAM DISPOSITIVOS DA RESOLU\u00c7\u00c3O N\u00ba 325 DE 13 DE OUTUBRO DE 2015, DISP\u00d5E SOBRE A ESTRUTURA\u00c7\u00c3O DO PLANO DE CARGOS, CARREIRAS DOS SERVIDORES DA C\u00c2MARA MUNICIPAL DE POCON\u00c9-MT, E D\u00c1 OUTRAS PROVID\u00caNCIAS."}, {"id": "417", "ano": "2025", "numero": "6", "tipo__sigla": "RES", "tipo__descricao": "RESOLU\u00c7\u00c3O", "assunto": "RESOLU\u00c7\u00c3O N\u00ba 384 DE 19 DE AGOSTO DE 2025.\r\n\r\n\r\nDISP\u00d5E SOBRE PRORROGA\u00c7\u00c3O DE LICEN\u00c7A DO CARGO DE VEREADORA WALDINEYA STEFANY SANTOS DE JESUS PAULA."}, {"id": "424", "ano": "2025", "numero": "7", "tipo__sigla": "RES", "tipo__descricao": "RESOLU\u00c7\u00c3O", "assunto": "RESOLU\u00c7\u00c3O N\u00ba 385 DE 21 DE OUTUBRO DE 2025.\r\n\r\n\r\nCORRIGE O VALOR DO AUXILIO-ALIMENTA\u00c7\u00c3O DOS SERVIDORES DO PODER LEGISLATIVO. \r\n\r\n\r\n                       FA\u00c7O SABER QUE A C\u00c2MARA MUNICIPAL APROVOU E EU, VEREADOR ANTONIO EDSON DE ARRUDA SOUZA, PRESIDENTE, PROMULGO A SEGUINTE RESOLU\u00c7\u00c3O:\r\n\r\n\r\nArt. 1\u00ba O valor do aux\u00edlio alimenta\u00e7\u00e3o concedido aos servidores da C\u00e2mara Municipal \u2013 MT, fica corrigido a partir de 1\u00ba de abril do corrente ano em 6,54% (seis v\u00edrgula cinquenta e quatro por cento), correspondente ao IGPM, apurado no exerc\u00edcio anterior nos termos do art. art. 1\u00ba, \u00a7 4\u00ba da Resolu\u00e7\u00e3o n\u00ba 362 de 08 de novembro de 2022.\r\n\r\nPar\u00e1grafo \u00fanico. O percentual de que trata o caput deste artigo incidir\u00e1 sobre o valor unit\u00e1rio de R$ 523,10 (quinhentos e vinte e tr\u00eas reais e dez centavos), ficando o valor corrigido em R$ 557,31 (quinhentos e cinquenta e sete reais e trinta e um centavos). \r\n\r\nArt. 2\u00ba Esta Resolu\u00e7\u00e3o entra em vigor na data de sua publica\u00e7\u00e3o, com efeito a partir de 1\u00ba de abril de 2025.\r\n\r\n \r\n                        C\u00e2mara Municipal de Pocon\u00e9/MT., 22 de outubro de 2025.\r\n\r\n\r\n\r\nVereador Ant\u00f4nio Edson de Arruda Souza\r\nPresidente\r\n\r\n\r\n\r\nVereadora Danielle de Assis Carvalho\r\n1\u00aa Secret\u00e1ria"}]}