{"id":301,"__str__":"DEC N\u00ba 007/2023 - DECRETO","link_detail_backend":"/docadm/301","metadata":{},"numero":7,"complemento":"","ano":2023,"data":"2023-12-28","interessado":"","dias_prazo":null,"data_fim_prazo":null,"tramitacao":false,"assunto":"DECRETO LEGISLATIVO N\u00ba 007/2023.\r\n\r\nESTABELECE RECESSO FINAL DE ANO NO \u00c2MBITO DA C\u00c2MARA MUNICIPAL DE POCON\u00c9-MT, E D\u00c1 OUTRAS PROVID\u00caNCIAS.\r\n\r\nO PRESIDENTE DA C\u00c2MARA MUNICIPAL DE POCON\u00c9, ESTADO DE MATO GROSSO, VEREADOR ITAMAR LOUREN\u00c7O DA SILVA, NO USO DE SUAS ATRIBUI\u00c7\u00d5ES LEGAIS, QUE LHE S\u00c3O ATRIBUIDAS PELA LEI.\r\n\r\nConsiderando a comemora\u00e7\u00e3o das festas de final de ano, exerc\u00edcio de 2023;\r\n\r\nDECRETA:\r\n\r\nArt. 1\u00ba O recesso para comemora\u00e7\u00e3o das festas de final de ano, exerc\u00edcio de 2023, no \u00e2mbito da C\u00e2mara Municipal de Pocon\u00e9, Estado de Mato Grosso, compreender\u00e1 os per\u00edodos de 29 de dezembro de 2023 a 07 de janeiro de 2024.\r\nArt. 2\u00ba Durante os dias indicados no art. 1\u00ba havendo situa\u00e7\u00e3o emergencial geradoras de propositura legislativa em regime de urg\u00eancia, poder\u00e1 ser suspenso por determina\u00e7\u00e3o do Presidente da C\u00e2mara Municipal o recesso de ano novo, para fins de tramita\u00e7\u00e3o e delibera\u00e7\u00e3o de projeto, com posterior continuidade. \r\n\r\nArt. 3\u00ba No per\u00edodo de recesso os servidores p\u00fablicos dever\u00e3o estar \u00e0 disposi\u00e7\u00e3o da administra\u00e7\u00e3o p\u00fablica, devendo apresentar-se de imediato em caso de convoca\u00e7\u00e3o por interesse p\u00fablico.\r\n\r\nArt.4\u00ba As atividades normais da C\u00e2mara Municipal de Pocon\u00e9 retornar\u00e3o no dia 08 de janeiro de 2024, as 07h00min. \r\n\r\nArt. 5\u00ba Este Decreto entra em vigor na data de sua publica\u00e7\u00e3o;\r\n\r\nREGISTRADA \u2013 PUBLICADA \u2013 CUMPRA-SE.\r\n\r\n\r\nC\u00e2mara Municipal de Pocon\u00e9/MT., 28 de dezembro de 2023.\r\n\r\n\r\n                            Vereador Itamar Louren\u00e7o da Silva\r\n                             Presidente","numero_externo":null,"observacao":"","texto_integral":"http://sapl.pocone.mt.leg.br/media/sapl/private/documentoadministrativo/301/decreto_legislativo_no_007-2023_-_estabelece_recesso_de_final_de_ano_2023..pdf","restrito":false,"ip":"177.67.213.132","ultima_edicao":"2024-01-11T10:04:34.456753-03:00","tipo":1,"protocolo":null,"autor":15,"user":9,"anexados":[],"materiasvinculadas":[]}