{"id":967,"__str__":"REQUERIMENTOS COMUNS n\u00ba 22 de 2020","link_detail_backend":"/materia/967","metadata":{},"numero":22,"ano":2020,"numero_protocolo":null,"data_apresentacao":"2020-07-07","tipo_apresentacao":"E","data_publicacao":"2020-07-27","numero_origem_externa":"011","ano_origem_externa":2020,"data_origem_externa":"2020-07-07","apelido":"","dias_prazo":null,"data_fim_prazo":null,"em_tramitacao":false,"polemica":false,"objeto":"","complementar":true,"ementa":"REQUERIMENTO PEDINDO APRESENTA\u00c7\u00c3O DO PLANO DE A\u00c7\u00c3O DE RETOMADA DAS AULAS AP\u00d3S O PERIODO DE PANDEMIA","indexacao":"","observacao":"","resultado":"","texto_original":"http://sapl.pocone.mt.leg.br/media/sapl/public/materialegislativa/2020/967/11_-_2020_-_plano_de_acao_da_educacao_para_retom_CVFf379.pdf","data_ultima_atualizacao":"2020-07-27T12:03:45.066816-03:00","ip":"201.71.140.251","ultima_edicao":null,"tipo":5,"regime_tramitacao":1,"tipo_origem_externa":5,"local_origem_externa":1,"user":6,"anexadas":[],"autores":[11]}