{"id":956,"__str__":"INDICA\u00c7\u00d5ES n\u00ba 172 de 2020","link_detail_backend":"/materia/956","metadata":{},"numero":172,"ano":2020,"numero_protocolo":null,"data_apresentacao":"2020-06-22","tipo_apresentacao":"E","data_publicacao":"2020-06-29","numero_origem_externa":"025","ano_origem_externa":2020,"data_origem_externa":"2020-06-22","apelido":"","dias_prazo":null,"data_fim_prazo":null,"em_tramitacao":false,"polemica":false,"objeto":"","complementar":true,"ementa":"A Vereadora que a esta subscreve, nos termos do Regimento Interno da Casa, INDICA as Suas Excel\u00eancias Senhores Ata\u00edl Marques do Amaral, Prefeito Municipal, Ilma Regina Figueiredo Arruda, Secret\u00e1ria Municipal de Sa\u00fade, a necessidade de viabilizar estudo visando \u00e0 cria\u00e7\u00e3o de um Fundo Municipal de Combate a Covid 19, mantido pela Secretaria Municipal de Sa\u00fade, objetivando angariar suporte financeiro destinados para implanta\u00e7\u00e3o, manuten\u00e7\u00e3o e desenvolvimento de planos, programas e a\u00e7\u00f5es voltadas ao Combate ao Coronav\u00edrus \u2013 Covid 19, no munic\u00edpio de Pocon\u00e9.","indexacao":"","observacao":"","resultado":"","texto_original":"http://sapl.pocone.mt.leg.br/media/sapl/public/materialegislativa/2020/956/indicacao_no_025-2020.pdf","data_ultima_atualizacao":"2020-06-29T11:15:52.487075-03:00","ip":"201.71.140.251","ultima_edicao":null,"tipo":7,"regime_tramitacao":1,"tipo_origem_externa":7,"local_origem_externa":1,"user":6,"anexadas":[],"autores":[8]}