{"id":912,"__str__":"INDICA\u00c7\u00d5ES n\u00ba 138 de 2020","link_detail_backend":"/materia/912","metadata":{},"numero":138,"ano":2020,"numero_protocolo":null,"data_apresentacao":"2020-06-05","tipo_apresentacao":"E","data_publicacao":"2020-06-10","numero_origem_externa":"019","ano_origem_externa":2020,"data_origem_externa":"2020-06-05","apelido":"","dias_prazo":null,"data_fim_prazo":null,"em_tramitacao":false,"polemica":false,"objeto":"","complementar":true,"ementa":"A Vereadora que a esta subscreve, nos termos do Regimento Interno da Casa, INDICA, as Suas Excel\u00eancias Senhores Ata\u00edl Marques do Amaral, Prefeito Municipal, Alexandre Bustamante dos Santos, Secret\u00e1rio de Seguran\u00e7a P\u00fablica do Estado de Mato Grosso, Jana\u00edna Riva, Deputada Estadual, no sentido de buscarem entendimentos e tomadas de providencias para encontrar solu\u00e7\u00f5es conjuntas para que n\u00e3o haja a desativa\u00e7\u00e3o definitiva das atividades da Cadeia P\u00fablica da cidade de Pocon\u00e9 \u2013 MT.","indexacao":"","observacao":"","resultado":"","texto_original":"http://sapl.pocone.mt.leg.br/media/sapl/public/materialegislativa/2020/912/indicacao_no_019_-_2020..pdf","data_ultima_atualizacao":"2020-06-10T12:19:33.866655-03:00","ip":"201.71.140.251","ultima_edicao":null,"tipo":7,"regime_tramitacao":1,"tipo_origem_externa":7,"local_origem_externa":1,"user":6,"anexadas":[],"autores":[10]}