{"id":858,"__str__":"MO\u00c7\u00d5ES n\u00ba 37 de 2020","link_detail_backend":"/materia/858","metadata":{},"numero":37,"ano":2020,"numero_protocolo":null,"data_apresentacao":"2020-05-20","tipo_apresentacao":"E","data_publicacao":"2020-05-25","numero_origem_externa":"002","ano_origem_externa":2020,"data_origem_externa":"2020-05-20","apelido":"","dias_prazo":null,"data_fim_prazo":null,"em_tramitacao":false,"polemica":false,"objeto":"","complementar":true,"ementa":"A C\u00e2mara Municipal de Pocon\u00e9, Estado de Mato Grosso, atrav\u00e9s dos Vereadores que a comp\u00f5em leg\u00edtimo representante do povo poconeano apresenta Mo\u00e7\u00e3o de Aplausos a todos os Pedagogos do munic\u00edpio de Pocon\u00e9 pelo Dia do Pedagogo comemorado no dia 20 de maio, extensiva a as escolas estaduais, municipais e creches municipal.","indexacao":"","observacao":"","resultado":"","texto_original":"http://sapl.pocone.mt.leg.br/media/sapl/public/materialegislativa/2020/858/mocao_de_aplauso_002_-_vereador__marcio_-_2019.pdf","data_ultima_atualizacao":"2020-05-25T09:35:38.990766-03:00","ip":"201.71.140.251","ultima_edicao":null,"tipo":6,"regime_tramitacao":1,"tipo_origem_externa":6,"local_origem_externa":3,"user":6,"anexadas":[],"autores":[7]}