{"id":854,"__str__":"MO\u00c7\u00d5ES n\u00ba 35 de 2020","link_detail_backend":"/materia/854","metadata":{},"numero":35,"ano":2020,"numero_protocolo":null,"data_apresentacao":"2020-05-21","tipo_apresentacao":"E","data_publicacao":"2020-05-22","numero_origem_externa":"020","ano_origem_externa":2020,"data_origem_externa":"2020-05-21","apelido":"","dias_prazo":null,"data_fim_prazo":null,"em_tramitacao":false,"polemica":false,"objeto":"","complementar":true,"ementa":"A C\u00e2mara Municipal de Pocon\u00e9, Estado de Mato Grosso, atrav\u00e9s dos Vereadores que a comp\u00f5em leg\u00edtimo representante do povo poconeano apresenta condol\u00eancias aos familiares de Jos\u00e9 Augusto Almeida, pelo o seu falecimento ocorrido no dia 15 de maio de 2020, cidade de Pocon\u00e9-MT.","indexacao":"","observacao":"","resultado":"","texto_original":"http://sapl.pocone.mt.leg.br/media/sapl/public/materialegislativa/2020/854/mocao_de_pesar_no_020_-2020.pdf","data_ultima_atualizacao":"2020-05-22T13:44:17.775604-03:00","ip":"201.71.140.251","ultima_edicao":null,"tipo":6,"regime_tramitacao":1,"tipo_origem_externa":6,"local_origem_externa":3,"user":6,"anexadas":[],"autores":[10]}