{"id":808,"__str__":"MO\u00c7\u00d5ES n\u00ba 26 de 2020","link_detail_backend":"/materia/808","metadata":{},"numero":26,"ano":2020,"numero_protocolo":null,"data_apresentacao":"2020-03-31","tipo_apresentacao":"E","data_publicacao":"2020-04-07","numero_origem_externa":"014","ano_origem_externa":2020,"data_origem_externa":"2020-03-31","apelido":"","dias_prazo":null,"data_fim_prazo":null,"em_tramitacao":false,"polemica":false,"objeto":"","complementar":true,"ementa":"A C\u00e2mara Municipal de Pocon\u00e9, Estado de Mato Grosso, atrav\u00e9s dos Vereadores que a comp\u00f5em leg\u00edtimo representante do povo poconeano apresenta condol\u00eancias aos familiares da Senhora Altair Paes de Albuquerque Nunes, pelo o seu falecimento ocorrido no dia 29 de mar\u00e7o de 2020, cidade de Pocon\u00e9-MT.","indexacao":"","observacao":"","resultado":"","texto_original":"http://sapl.pocone.mt.leg.br/media/sapl/public/materialegislativa/2020/808/mocao_de_pesar_no_015_-2020.pdf","data_ultima_atualizacao":"2020-04-07T13:26:39.433149-03:00","ip":"201.71.140.251","ultima_edicao":null,"tipo":6,"regime_tramitacao":1,"tipo_origem_externa":6,"local_origem_externa":3,"user":6,"anexadas":[],"autores":[10]}