{"id":745,"__str__":"INDICA\u00c7\u00d5ES n\u00ba 23 de 2020","link_detail_backend":"/materia/745","metadata":{},"numero":23,"ano":2020,"numero_protocolo":null,"data_apresentacao":"2020-02-03","tipo_apresentacao":"E","data_publicacao":"2020-02-14","numero_origem_externa":"001","ano_origem_externa":2020,"data_origem_externa":"2020-02-03","apelido":"","dias_prazo":null,"data_fim_prazo":null,"em_tramitacao":false,"polemica":false,"objeto":"","complementar":true,"ementa":"O Vereador que a esta subscreve, nos termos do Regimento Interno da Casa, INDICA, ouvido o Plen\u00e1rio, encaminha Anteprojeto de Lei, copia anexa, as Suas Excel\u00eancias Senhores Ata\u00edl Marques do Amaral, Prefeito Municipal, Joalene Gomes da Silva, Secret\u00e1ria Municipal de Planejamento e Administra\u00e7\u00e3o, Ilma Regina Figueiredo Arruda, Secret\u00e1ria Municipal de Sa\u00fade, disp\u00f5e sobre inclus\u00e3o e altera\u00e7\u00e3o na Lei n\u00ba 1.688/2012, de 15 de outubro de 2012, que Trata do Plano de Cargos, Carreiras e Sal\u00e1rios dos Servidores da Administra\u00e7\u00e3o P\u00fablica do munic\u00edpio de Pocon\u00e9 \u2013 MT.","indexacao":"","observacao":"","resultado":"","texto_original":"http://sapl.pocone.mt.leg.br/media/sapl/public/materialegislativa/2020/745/indicacao_no_001-2020..pdf","data_ultima_atualizacao":"2020-02-14T08:50:53.535246-03:00","ip":"201.71.168.58","ultima_edicao":null,"tipo":7,"regime_tramitacao":1,"tipo_origem_externa":7,"local_origem_externa":1,"user":6,"anexadas":[],"autores":[5]}