{"id":743,"__str__":"INDICA\u00c7\u00d5ES n\u00ba 21 de 2020","link_detail_backend":"/materia/743","metadata":{},"numero":21,"ano":2020,"numero_protocolo":null,"data_apresentacao":"2020-02-03","tipo_apresentacao":"E","data_publicacao":"2020-02-03","numero_origem_externa":"001","ano_origem_externa":2020,"data_origem_externa":"2020-02-03","apelido":"","dias_prazo":null,"data_fim_prazo":null,"em_tramitacao":false,"polemica":false,"objeto":"","complementar":true,"ementa":"A Vereadora que a esta subscreve, nos termos do Regimento Interno desta Casa, ouvido o Plen\u00e1rio, INDICA as Suas Excel\u00eancias Senhor Ata\u00edl Marques do Amaral, Prefeito Municipal, Senhor Ney Rondon Marques, Secret\u00e1rio Municipal de Infraestrutura, no sentido de buscar entendimentos e tomadas de provid\u00eancias necess\u00e1rias para melhorar o sistema de ilumina\u00e7\u00e3o p\u00fablica e concretar o espa\u00e7o p\u00fablico, localizado em frente \u00e0 Rodovi\u00e1ria, onde realiza a Feira Artesanal, pela Secretaria Municipal de A\u00e7\u00e3o Social Emprego e Renda.","indexacao":"","observacao":"","resultado":"","texto_original":"http://sapl.pocone.mt.leg.br/media/sapl/public/materialegislativa/2020/743/indicacao_no_001-2020.pdf","data_ultima_atualizacao":"2020-02-14T08:36:01.223802-03:00","ip":"201.71.168.58","ultima_edicao":null,"tipo":7,"regime_tramitacao":1,"tipo_origem_externa":7,"local_origem_externa":1,"user":6,"anexadas":[],"autores":[8]}