{"id":734,"__str__":"INDICA\u00c7\u00d5ES n\u00ba 13 de 2020","link_detail_backend":"/materia/734","metadata":{},"numero":13,"ano":2020,"numero_protocolo":null,"data_apresentacao":"2020-02-03","tipo_apresentacao":"E","data_publicacao":"2020-02-13","numero_origem_externa":"003","ano_origem_externa":2020,"data_origem_externa":"2020-02-03","apelido":"","dias_prazo":null,"data_fim_prazo":null,"em_tramitacao":false,"polemica":false,"objeto":"","complementar":true,"ementa":"O Vereador que a esta subscreve, nos termos do Regimento Interno desta Casa, ouvido o Plen\u00e1rio, INDICA as Suas Excel\u00eancias os Senhores Ata\u00edl Marques do Amaral, Prefeito Municipal e Ney Rondon Marques, Secret\u00e1rio Municipal de Infraestrutura, no sentido de viabilizar servi\u00e7os de limpeza p\u00fablica (capina\u00e7\u00e3o), retiradas de entulhos no Residencial Jos\u00e9 de Assis, cidade de Pocon\u00e9 \u2013 MT.","indexacao":"","observacao":"","resultado":"","texto_original":"http://sapl.pocone.mt.leg.br/media/sapl/public/materialegislativa/2020/734/indicacao_no_003-2020.pdf","data_ultima_atualizacao":"2020-02-13T13:17:30.590718-03:00","ip":"201.71.168.58","ultima_edicao":null,"tipo":7,"regime_tramitacao":1,"tipo_origem_externa":7,"local_origem_externa":1,"user":6,"anexadas":[],"autores":[1]}