{"id":721,"__str__":"MO\u00c7\u00d5ES n\u00ba 9 de 2020","link_detail_backend":"/materia/721","metadata":{},"numero":9,"ano":2020,"numero_protocolo":null,"data_apresentacao":"2020-02-03","tipo_apresentacao":"E","data_publicacao":"2020-02-06","numero_origem_externa":"001","ano_origem_externa":2020,"data_origem_externa":"2020-02-03","apelido":"","dias_prazo":null,"data_fim_prazo":null,"em_tramitacao":false,"polemica":false,"objeto":"","complementar":true,"ementa":"A C\u00e2mara Municipal de Pocon\u00e9, Estado de Mato Grosso, atrav\u00e9s dos Vereadores que a comp\u00f5em leg\u00edtimo representante do povo poconeano apresenta condol\u00eancias aos familiares da Senhora Aparecida Maria Batista de Paula, pelo o seu falecimento ocorrido no dia 17 de janeiro de 2020.","indexacao":"","observacao":"","resultado":"","texto_original":"http://sapl.pocone.mt.leg.br/media/sapl/public/materialegislativa/2020/721/mocao_de_pesar_no_01_-_2020..pdf","data_ultima_atualizacao":"2020-02-06T11:20:26.838390-03:00","ip":"201.71.181.223","ultima_edicao":null,"tipo":6,"regime_tramitacao":1,"tipo_origem_externa":6,"local_origem_externa":3,"user":6,"anexadas":[],"autores":[1]}