{"id":6,"__str__":"INDICA\u00c7\u00d5ES n\u00ba 2 de 2019","link_detail_backend":"/materia/6","metadata":{},"numero":2,"ano":2019,"numero_protocolo":null,"data_apresentacao":"2019-02-04","tipo_apresentacao":"E","data_publicacao":"2019-02-04","numero_origem_externa":"02","ano_origem_externa":2019,"data_origem_externa":null,"apelido":"Ademir Zulli","dias_prazo":null,"data_fim_prazo":null,"em_tramitacao":true,"polemica":false,"objeto":"","complementar":true,"ementa":"O Vereador que a esta subscreve, nos termos do Regimento Interno desta Casa, ouvido o Plen\u00e1rio, INDICA as Suas Excel\u00eancias os Senhores Ata\u00edl Marques do Amaral, Prefeito Municipal e Ney Rondon Marques, Secret\u00e1rio Municipal de Infraestrutura, no sentido de viabilizar servi\u00e7os de tapa buracos na Rua Antonio Jo\u00e3o, nesta cidade de Pocon\u00e9 \u2013 MT.","indexacao":"","observacao":"","resultado":"","texto_original":"http://sapl.pocone.mt.leg.br/media/sapl/public/materialegislativa/2019/6/02_-_2019.pdf","data_ultima_atualizacao":"2019-02-21T09:42:44.399522-03:00","ip":"","ultima_edicao":null,"tipo":7,"regime_tramitacao":1,"tipo_origem_externa":7,"local_origem_externa":1,"user":null,"anexadas":[],"autores":[]}