{"id":59,"__str__":"INDICA\u00c7\u00d5ES n\u00ba 90 de 2019","link_detail_backend":"/materia/59","metadata":{},"numero":90,"ano":2019,"numero_protocolo":null,"data_apresentacao":"2019-02-18","tipo_apresentacao":"E","data_publicacao":"2019-03-08","numero_origem_externa":"02","ano_origem_externa":2019,"data_origem_externa":"2019-02-18","apelido":"","dias_prazo":null,"data_fim_prazo":null,"em_tramitacao":false,"polemica":false,"objeto":"","complementar":true,"ementa":"O Vereador que a este subscreve, nos termos do Regimento Interno da Casa, ouvindo o Plen\u00e1rio, INDICA as Suas Excel\u00eancias o Senhor Ata\u00edl Marques do Amaral, Prefeito Municipal, Senhor Ney Rondon Marques, Secret\u00e1rio Municipal de Infraestrutura, a necessidade de tomar as provid\u00eancias necess\u00e1rias para efetuar servi\u00e7os de limpeza p\u00fablica no entorno do Centro Comunit\u00e1rio Jos\u00e9 Pinto de Queir\u00f3z, bairro Boa Nova, cidade de Pocon\u00e9 \u2013 MT. 18022019","indexacao":"","observacao":"","resultado":"","texto_original":"http://sapl.pocone.mt.leg.br/media/sapl/public/materialegislativa/2019/59/02-2019.pdf","data_ultima_atualizacao":"2019-03-08T09:59:40.486428-03:00","ip":"","ultima_edicao":null,"tipo":7,"regime_tramitacao":1,"tipo_origem_externa":7,"local_origem_externa":1,"user":null,"anexadas":[],"autores":[9]}