{"id":57,"__str__":"INDICA\u00c7\u00d5ES n\u00ba 88 de 2019","link_detail_backend":"/materia/57","metadata":{},"numero":88,"ano":2019,"numero_protocolo":null,"data_apresentacao":"2019-02-25","tipo_apresentacao":"E","data_publicacao":"2019-03-08","numero_origem_externa":"06","ano_origem_externa":2019,"data_origem_externa":"2019-02-25","apelido":"","dias_prazo":null,"data_fim_prazo":null,"em_tramitacao":false,"polemica":false,"objeto":"","complementar":true,"ementa":"A Vereadora que a este subscreve, nos termos do Regimento Interno da Casa, ouvindo o Plen\u00e1rio, INDICA as Suas Excel\u00eancias o Senhor Ata\u00edl Marques do Amaral, Prefeito Municipal, Senhora Joalene Gomes da Silva, Secret\u00e1ria Municipal de Administra\u00e7\u00e3o e Planejamento, a necessidade de viabilizar estudo para a cria\u00e7\u00e3o da Carteira de Identidade Funcional para servidores p\u00fablicos ativos e inativos da Prefeitura Municipal de Pocon\u00e9.","indexacao":"","observacao":"","resultado":"","texto_original":"http://sapl.pocone.mt.leg.br/media/sapl/public/materialegislativa/2019/57/06-2019.pdf","data_ultima_atualizacao":"2019-03-08T09:49:30.282443-03:00","ip":"","ultima_edicao":null,"tipo":7,"regime_tramitacao":1,"tipo_origem_externa":7,"local_origem_externa":1,"user":null,"anexadas":[],"autores":[8]}