{"id":54,"__str__":"INDICA\u00c7\u00d5ES n\u00ba 85 de 2019","link_detail_backend":"/materia/54","metadata":{},"numero":85,"ano":2019,"numero_protocolo":null,"data_apresentacao":"2019-02-22","tipo_apresentacao":"E","data_publicacao":"2019-03-08","numero_origem_externa":"03","ano_origem_externa":2019,"data_origem_externa":"2019-02-22","apelido":"","dias_prazo":null,"data_fim_prazo":null,"em_tramitacao":false,"polemica":null,"objeto":"","complementar":true,"ementa":"Os Vereadores que a esta subscrevem, nos termos do Regimento Interno da Casa, REITERAM as Suas Excel\u00eancias Senhor Ata\u00edl Marques do Amaral, Prefeito Municipal, Senhora Ornella Ros\u00e1rio Proen\u00e7a Moraes Falc\u00e3o, Secret\u00e1ria Municipal de Educa\u00e7\u00e3o, a necessidade de realizar estudos visando \u00e1 doa\u00e7\u00e3o da \u00e1rea da antiga sede da Secretaria de A\u00e7\u00e3o Social - PROPAS, para que a Secretaria Municipal de Educa\u00e7\u00e3o possa elaborar projeto e buscar recursos e instalar na \u00e1rea o Centro de Educa\u00e7\u00e3o Infantil Fabiano Caporossi do Prado I.","indexacao":"","observacao":"","resultado":"","texto_original":"http://sapl.pocone.mt.leg.br/media/sapl/public/materialegislativa/2019/54/03-2019.pdf","data_ultima_atualizacao":"2019-03-08T09:32:36.725263-03:00","ip":"","ultima_edicao":null,"tipo":7,"regime_tramitacao":1,"tipo_origem_externa":7,"local_origem_externa":1,"user":null,"anexadas":[],"autores":[8]}