{"id":45,"__str__":"INDICA\u00c7\u00d5ES n\u00ba 78 de 2019","link_detail_backend":"/materia/45","metadata":{},"numero":78,"ano":2019,"numero_protocolo":null,"data_apresentacao":"2019-02-08","tipo_apresentacao":"E","data_publicacao":"2019-03-07","numero_origem_externa":"07","ano_origem_externa":2019,"data_origem_externa":"2019-02-08","apelido":"","dias_prazo":null,"data_fim_prazo":null,"em_tramitacao":false,"polemica":null,"objeto":"","complementar":null,"ementa":"O vereador que a esta subscreve, nos termos do Regimento Interno da Casa, ouvido o Plen\u00e1rio, Indica a Mesa Diretora do Poder Legislativo estudar a viabilidade or\u00e7ament\u00e1ria e financeira visando realizar procedimento para contrata\u00e7\u00e3o de servi\u00e7o fotogr\u00e1fico a fim de atender o estabelecido na Resolu\u00e7\u00e3o n\u00ba 299 de 14 de dezembro de 2009, que disp\u00f5e sobre a cria\u00e7\u00e3o da galeria dos Presidentes da Mesa Diretora da C\u00e2mara Municipal de Pocon\u00e9-MT.","indexacao":"","observacao":"","resultado":"","texto_original":"http://sapl.pocone.mt.leg.br/media/sapl/public/materialegislativa/2019/45/07-2019.pdf","data_ultima_atualizacao":"2019-03-07T13:35:03.061191-03:00","ip":"","ultima_edicao":null,"tipo":7,"regime_tramitacao":1,"tipo_origem_externa":7,"local_origem_externa":1,"user":null,"anexadas":[],"autores":[1]}