{"id":3312,"__str__":"INDICA\u00c7\u00d5ES n\u00ba 46 de 2025","link_detail_backend":"/materia/3312","metadata":{},"numero":46,"ano":2025,"numero_protocolo":null,"data_apresentacao":"2025-02-18","tipo_apresentacao":"E","data_publicacao":null,"numero_origem_externa":"","ano_origem_externa":null,"data_origem_externa":null,"apelido":"","dias_prazo":null,"data_fim_prazo":null,"em_tramitacao":false,"polemica":false,"objeto":"","complementar":false,"ementa":"Os vereadores que a esta subscrevem, nos termos do Regimento Interno da Casa, INDICA as Suas Excel\u00eancias Jonas Eduardo Queiroz Moraes, Prefeito Municipal, Amarildo Schmieleski, Secret\u00e1rio Municipal de Infraestrutura, no sentido de efetuar trocas de l\u00e2mpadas nos seguintes pontos:\r\n\r\n\uf0d8\tAvenida An\u00edbal de Toledo com a Rua S\u00e3o Francisco;\r\n\uf0d8\tRua Ant\u00f4nio Jo\u00e3o esquina com a Rua Pinheiro Machado, ao lado da Academia Moviment.","indexacao":"","observacao":"","resultado":"","texto_original":"http://sapl.pocone.mt.leg.br/media/sapl/public/materialegislativa/2025/3312/indicacao_no_001-2025..pdf","data_ultima_atualizacao":"2025-08-26T09:00:37.958206-03:00","ip":"177.67.213.170","ultima_edicao":"2025-08-26T09:00:37.745708-03:00","tipo":7,"regime_tramitacao":1,"tipo_origem_externa":null,"local_origem_externa":null,"user":9,"anexadas":[],"autores":[54]}