{"id":3305,"__str__":"INDICA\u00c7\u00d5ES n\u00ba 43 de 2025","link_detail_backend":"/materia/3305","metadata":{},"numero":43,"ano":2025,"numero_protocolo":null,"data_apresentacao":"2025-03-06","tipo_apresentacao":"E","data_publicacao":null,"numero_origem_externa":"","ano_origem_externa":null,"data_origem_externa":null,"apelido":"","dias_prazo":null,"data_fim_prazo":null,"em_tramitacao":false,"polemica":false,"objeto":"","complementar":false,"ementa":"Os vereadores que esta subscreve, nos termos regimentais e com fundamento na Lei Org\u00e2nica do Munic\u00edpio de Pocon\u00e9, INDICAM, as Suas Excel\u00eancias Jonas Eduardo Queiroz Moraes, Prefeito Municipal, Amarildo Schimieleski, Secret\u00e1rio Municipal de Infraestrutura, a necessidade de realiza\u00e7\u00e3o de obras de manuten\u00e7\u00e3o e recupera\u00e7\u00e3o das vias da  Cohab Santa Clara, uma vez","indexacao":"","observacao":"","resultado":"","texto_original":"http://sapl.pocone.mt.leg.br/media/sapl/public/materialegislativa/2025/3305/indicacao_no_010-2025.pdf","data_ultima_atualizacao":"2025-08-25T11:22:09.219962-03:00","ip":"177.67.213.170","ultima_edicao":"2025-08-25T11:21:34.985798-03:00","tipo":7,"regime_tramitacao":1,"tipo_origem_externa":null,"local_origem_externa":null,"user":9,"anexadas":[],"autores":[53]}