{"id":3295,"__str__":"INDICA\u00c7\u00d5ES n\u00ba 33 de 2025","link_detail_backend":"/materia/3295","metadata":{},"numero":33,"ano":2025,"numero_protocolo":null,"data_apresentacao":"2025-03-18","tipo_apresentacao":"E","data_publicacao":null,"numero_origem_externa":"","ano_origem_externa":null,"data_origem_externa":null,"apelido":"","dias_prazo":null,"data_fim_prazo":null,"em_tramitacao":false,"polemica":false,"objeto":"","complementar":false,"ementa":"O Vereador que a esta subscreve, nos termos do Regimento Interno da Casa, INDICA as Suas Excel\u00eancias Jonas Eduardo Queiros Moraes, Prefeito Municipal, Amarildo Schmieleski, Secret\u00e1rio Municipal de Infraestrutura, a necessidade de buscar entendimentos e tomadas de provid\u00eancias para fazer manuten\u00e7\u00e3o necess\u00e1ria na ponte de madeira localizada na estrada que d\u00e1 acesso a Comunidade \u00c1gua Vermelha e outras localidades, munic\u00edpio de Pocon\u00e9 \u2013 MT.","indexacao":"","observacao":"","resultado":"","texto_original":"http://sapl.pocone.mt.leg.br/media/sapl/public/materialegislativa/2025/3295/indicacao_no_015-2025..pdf","data_ultima_atualizacao":"2025-08-25T10:21:43.799740-03:00","ip":"177.67.213.170","ultima_edicao":"2025-08-25T10:21:03.979262-03:00","tipo":7,"regime_tramitacao":1,"tipo_origem_externa":null,"local_origem_externa":null,"user":9,"anexadas":[],"autores":[49]}