{"id":3294,"__str__":"INDICA\u00c7\u00d5ES n\u00ba 32 de 2025","link_detail_backend":"/materia/3294","metadata":{},"numero":32,"ano":2025,"numero_protocolo":null,"data_apresentacao":"2025-03-11","tipo_apresentacao":"E","data_publicacao":null,"numero_origem_externa":"","ano_origem_externa":null,"data_origem_externa":null,"apelido":"","dias_prazo":null,"data_fim_prazo":null,"em_tramitacao":false,"polemica":false,"objeto":"","complementar":false,"ementa":"O Vereador que a esta subscreve, nos termos do Regimento Interno desta Casa, ouvido o Plen\u00e1rio, INDICA as Suas Excel\u00eancias Jonas Eduardo Queiroz Moraes, Prefeito Municipal, Amarildo Schmieleski, Secret\u00e1rio Municipal de Infraestrutura, Carlina Falc\u00e3o de Arruda Cal\u00e1bria, Secret\u00e1ria Adjunta de Infraestrutura, no sentido de tomar as provid\u00eancias necess\u00e1rias para corrigir o defeito apresentado na pavimenta\u00e7\u00e3o asf\u00e1ltica da via p\u00fablica Rua Primavera, situada no bairro Cruz Preta, cidade de Pocon\u00e9-MT.","indexacao":"","observacao":"","resultado":"","texto_original":"http://sapl.pocone.mt.leg.br/media/sapl/public/materialegislativa/2025/3294/indicacao_no_014-2025..pdf","data_ultima_atualizacao":"2025-08-25T10:20:34.065666-03:00","ip":"177.67.213.170","ultima_edicao":"2025-08-25T10:18:13.641347-03:00","tipo":7,"regime_tramitacao":1,"tipo_origem_externa":null,"local_origem_externa":null,"user":9,"anexadas":[],"autores":[49]}