{"id":3288,"__str__":"INDICA\u00c7\u00d5ES n\u00ba 26 de 2025","link_detail_backend":"/materia/3288","metadata":{},"numero":26,"ano":2025,"numero_protocolo":null,"data_apresentacao":"2025-02-25","tipo_apresentacao":"E","data_publicacao":null,"numero_origem_externa":"","ano_origem_externa":null,"data_origem_externa":null,"apelido":"","dias_prazo":null,"data_fim_prazo":null,"em_tramitacao":false,"polemica":false,"objeto":"","complementar":false,"ementa":"Os Vereadores que a esta subscrevem, nos termos do Regimento Interno da Casa, INDICAM as Suas Excel\u00eancias Jonas Eduardo Queiros Moraes, Prefeito Municipal, Carlina Falc\u00e3o de Arruda Cal\u00e1bria, Secret\u00e1ria Adjunta de Infraestrutura, no sentido de buscar entendimentos e tomadas de provid\u00eancias para instala\u00e7\u00f5es de academia ao ar livre, nos bairros Boa Esperan\u00e7a e S\u00e3o Benedito (Parque Tem\u00e1tico), cidade de Pocon\u00e9 MT.","indexacao":"","observacao":"","resultado":"","texto_original":"http://sapl.pocone.mt.leg.br/media/sapl/public/materialegislativa/2025/3288/indicacao_no_008-2025..pdf","data_ultima_atualizacao":"2025-08-20T10:02:08.699088-03:00","ip":"177.67.213.230","ultima_edicao":"2025-08-20T10:01:36.553589-03:00","tipo":7,"regime_tramitacao":1,"tipo_origem_externa":null,"local_origem_externa":null,"user":9,"anexadas":[],"autores":[49]}