{"id":3284,"__str__":"INDICA\u00c7\u00d5ES n\u00ba 22 de 2025","link_detail_backend":"/materia/3284","metadata":{},"numero":22,"ano":2025,"numero_protocolo":null,"data_apresentacao":"2025-02-11","tipo_apresentacao":"E","data_publicacao":null,"numero_origem_externa":"","ano_origem_externa":null,"data_origem_externa":null,"apelido":"","dias_prazo":null,"data_fim_prazo":null,"em_tramitacao":false,"polemica":false,"objeto":"","complementar":false,"ementa":"O Vereador que a esta subscreve, nos termos do Regimento Interno\r\nda Casa, INDICA as Suas Excel\u00eancias Jonas Eduardo Queiros Moraes, Prefeito\r\nMunicipal, Carlina Falc\u00e3o de Arruda Cal\u00e1bria, Secret\u00e1ria Adjunta de Infraestrutura, no\r\nsentido de buscar entendimentos e tomadas de provid\u00eancias para instala\u00e7\u00e3o de\r\nacademia ao ar livre, na Comunidade Rural \u00c1gua Vermelha, munic\u00edpio de Pocon\u00e9 MT.","indexacao":"","observacao":"","resultado":"","texto_original":"http://sapl.pocone.mt.leg.br/media/sapl/public/materialegislativa/2025/3284/indicacao_no_004-2025..pdf","data_ultima_atualizacao":"2025-08-19T13:02:25.146282-03:00","ip":"177.67.213.230","ultima_edicao":"2025-08-19T12:01:43.416150-03:00","tipo":7,"regime_tramitacao":1,"tipo_origem_externa":null,"local_origem_externa":null,"user":9,"anexadas":[],"autores":[49]}