{"id":3282,"__str__":"INDICA\u00c7\u00d5ES n\u00ba 20 de 2025","link_detail_backend":"/materia/3282","metadata":{},"numero":20,"ano":2025,"numero_protocolo":null,"data_apresentacao":"2025-02-11","tipo_apresentacao":"E","data_publicacao":null,"numero_origem_externa":"","ano_origem_externa":null,"data_origem_externa":null,"apelido":"","dias_prazo":null,"data_fim_prazo":null,"em_tramitacao":false,"polemica":false,"objeto":"","complementar":false,"ementa":"O Vereador que a esta subscreve, nos termos do Regimento\r\nInterno desta Casa, ouvido o Plen\u00e1rio, INDICA a Sua Excel\u00eancia Deputado\r\nEstadual Faissal Calil , buscar entendimentos e tomadas de provid\u00eancias junto\r\nao Governo do Estado ou via emenda parlamentar destinar recursos\r\nfinanceiros na ordem de R$ 250.000,00(duzentos e cinquenta mil reais)\r\ndestinados para reforma/amplia\u00e7\u00e3o/adequa\u00e7\u00e3o na estrutura f\u00edsica da Unidade\r\nB\u00e1sica de Sa\u00fade bairro Jo\u00e3o Godofredo, cidade de Pocon\u00e9 \u2013 MT.","indexacao":"","observacao":"","resultado":"","texto_original":"http://sapl.pocone.mt.leg.br/media/sapl/public/materialegislativa/2025/3282/indicacao_no_002-2025..pdf","data_ultima_atualizacao":"2025-08-19T11:58:55.848771-03:00","ip":"177.67.213.230","ultima_edicao":"2025-08-19T11:58:20.058431-03:00","tipo":7,"regime_tramitacao":1,"tipo_origem_externa":null,"local_origem_externa":null,"user":9,"anexadas":[],"autores":[49]}