{"id":3262,"__str__":"INDICA\u00c7\u00d5ES n\u00ba 6 de 2025","link_detail_backend":"/materia/3262","metadata":{},"numero":6,"ano":2025,"numero_protocolo":null,"data_apresentacao":"2025-02-18","tipo_apresentacao":"E","data_publicacao":null,"numero_origem_externa":"","ano_origem_externa":null,"data_origem_externa":null,"apelido":"","dias_prazo":null,"data_fim_prazo":null,"em_tramitacao":false,"polemica":false,"objeto":"","complementar":false,"ementa":"Os vereadores que a esta subscrevem, nos termos do Regimento Interno da Casa, Indicam a Sua Excel\u00eancia  Carlos Avallone, Deputado Estadual, no sentido de buscar recursos financeiros junto ao Governo do Estado, via emenda parlamentar destinado a Prefeitura Municipal de Pocon\u00e9, para reforma e adequa\u00e7\u00e3o do mini est\u00e1dio Juvenal Benedito da Costa (Campo do Ensaio), bairro Cruz Preta, cidade de Pocon\u00e9 \u2013 MT.","indexacao":"","observacao":"","resultado":"","texto_original":"http://sapl.pocone.mt.leg.br/media/sapl/public/materialegislativa/2025/3262/indicacao_no_006-2025..pdf","data_ultima_atualizacao":"2025-08-19T09:13:34.444708-03:00","ip":"177.67.213.230","ultima_edicao":"2025-08-19T09:12:54.990052-03:00","tipo":7,"regime_tramitacao":1,"tipo_origem_externa":null,"local_origem_externa":null,"user":9,"anexadas":[],"autores":[19]}