{"id":3254,"__str__":"MO\u00c7\u00c3O DE PESAR n\u00ba 47 de 2024","link_detail_backend":"/materia/3254","metadata":{},"numero":47,"ano":2024,"numero_protocolo":null,"data_apresentacao":"2024-12-06","tipo_apresentacao":"E","data_publicacao":null,"numero_origem_externa":"","ano_origem_externa":null,"data_origem_externa":null,"apelido":"","dias_prazo":null,"data_fim_prazo":null,"em_tramitacao":false,"polemica":false,"objeto":"","complementar":false,"ementa":"MO\u00c7\u00c3O DE PESAR AOS \r\nFAMILIARES E AMIGOS DO\r\nSENHOR NIC\u00c1CIO BORGES DIAS. \r\n\r\nExm. Sr. Presidente da C\u00e2mara Municipal de Pocon\u00e9-MT.\r\n\r\nA C\u00e2mara Municipal de Pocon\u00e9, Estado de Mato Grosso, atrav\u00e9s dos Vereadores que a comp\u00f5em leg\u00edtimo representante do povo poconeano apresenta condol\u00eancias aos familiares do Senhor Nic\u00e1cio Borges Dias, pelo o seu falecimento ocorrido no dia 15 de novembro de 2024. \r\n\r\n\u201cManifestamos nosso profundo respeito e rogando a Deus que traga conforto aos cora\u00e7\u00f5es enlutados. Desejamos que a paz, o consolo e a for\u00e7a da f\u00e9 reinem no meio de todos, destacando o amor a Deus sobre todas as coisas para que o Senhor Nic\u00e1cio Borges Dias, descanse em paz\u201d.\r\n\r\n\r\n                                Sala das Sess\u00f5es Josefa Gon\u00e7alves, 25 de novembro de 2024.\r\n\r\n\r\n                                   Vereadora Jossielma Silva, PP.","indexacao":"","observacao":"","resultado":"","texto_original":"http://sapl.pocone.mt.leg.br/media/sapl/public/materialegislativa/2024/3254/mocao_de_pesar_-_vereadora_jossielma_silva_no_005-2024.pdf","data_ultima_atualizacao":"2024-12-11T09:48:46.521187-03:00","ip":"177.67.213.216","ultima_edicao":"2024-12-11T09:47:25.012434-03:00","tipo":8,"regime_tramitacao":1,"tipo_origem_externa":null,"local_origem_externa":null,"user":9,"anexadas":[],"autores":[27]}