{"id":3130,"__str__":"INDICA\u00c7\u00d5ES n\u00ba 287 de 2024","link_detail_backend":"/materia/3130","metadata":{},"numero":287,"ano":2024,"numero_protocolo":null,"data_apresentacao":"2024-07-16","tipo_apresentacao":"E","data_publicacao":null,"numero_origem_externa":"","ano_origem_externa":null,"data_origem_externa":null,"apelido":"","dias_prazo":null,"data_fim_prazo":null,"em_tramitacao":false,"polemica":false,"objeto":"","complementar":false,"ementa":"O Vereador que a este subscreve, nos termos do Regimento Interno da Casa, ouvido o Plen\u00e1rio, Indica a Sua Excel\u00eancia Deputada Estadual Jana\u00edna Riva, para que viabilize entendimento e tomadas de provid\u00eancias junto a METAMAT,  para constru\u00e7\u00e3o de po\u00e7os artesianos para atender fam\u00edlias residentes na Estrada Ribeirinha \u201cArmando Mendes Ferreira Gomes\u201d,  regi\u00e3o do Moqu\u00e9m, munic\u00edpio de Pocon\u00e9-MT.\r\n\r\n   Justificamos a iniciativa tendo em vista que fomos procurados por fam\u00edlias residentes nesta localidade para interceder junto ao Poder Executivo em busca desta melhoria em raz\u00e3o de que alguns residentes ainda sofrem com a falta de \u00e1gua pot\u00e1vel, pelo que esperamos contar com a acolhida do Poder Executivo.\r\n\r\n                                   Sala das Sess\u00f5es Josefa Gon\u00e7alves, 15 de julho de 2024. \r\n\r\n\r\n                                Vereador M\u00e1rcio Fernandes, MDB.","indexacao":"","observacao":"","resultado":"","texto_original":"http://sapl.pocone.mt.leg.br/media/sapl/public/materialegislativa/2024/3130/indicacao_no_068-2024_ver._marcio_fernandes..pdf","data_ultima_atualizacao":"2024-07-25T10:04:53.109998-03:00","ip":"177.67.213.130","ultima_edicao":"2024-07-25T10:04:23.701865-03:00","tipo":7,"regime_tramitacao":1,"tipo_origem_externa":null,"local_origem_externa":null,"user":9,"anexadas":[],"autores":[21]}