{"id":3100,"__str__":"INDICA\u00c7\u00d5ES n\u00ba 266 de 2024","link_detail_backend":"/materia/3100","metadata":{},"numero":266,"ano":2024,"numero_protocolo":null,"data_apresentacao":"2024-07-02","tipo_apresentacao":"E","data_publicacao":null,"numero_origem_externa":"","ano_origem_externa":null,"data_origem_externa":null,"apelido":"","dias_prazo":null,"data_fim_prazo":null,"em_tramitacao":false,"polemica":false,"objeto":"","complementar":false,"ementa":"Exm\u00ba. Sr\u00ba. Presidente da C\u00e2mara Municipal de Pocon\u00e9-MT.\r\n\r\n\r\n                                 O Vereador que a esta subscreve, nos termos do Regimento Interno da Casa, Indica as Suas Excel\u00eancias Ata\u00edl Marques do Amaral, Prefeito Municipal, Eliane Maria de Arruda Souza, Secret\u00e1ria Municipal de Educa\u00e7\u00e3o, no sentido de tomar as provid\u00eancias necess\u00e1rias para que aconte\u00e7a vistoria e manuten\u00e7\u00e3o nos \u00f4nibus que fazem servi\u00e7os do transporte escolar no munic\u00edpio de Pocon\u00e9, com o objetivo evitar problemas mec\u00e2nicos, acidentes, promover o bem estar e a seguran\u00e7a dos condutores e estudantes.\r\n \r\n                               Sala das Sess\u00f5es Josefa Gon\u00e7alves, 01 de julho de 2024.\r\n\r\n\r\n                                                                                                                                                                                                                 Vereador Benedito Aur\u00e9lio, PSDB.","indexacao":"","observacao":"","resultado":"","texto_original":"http://sapl.pocone.mt.leg.br/media/sapl/public/materialegislativa/2024/3100/indicacao_no_049-2024_ver._benedito_aurelio..pdf","data_ultima_atualizacao":"2024-07-08T12:56:54.465414-03:00","ip":"177.67.213.174","ultima_edicao":"2024-07-08T12:56:29.250135-03:00","tipo":7,"regime_tramitacao":1,"tipo_origem_externa":null,"local_origem_externa":null,"user":9,"anexadas":[],"autores":[19]}