{"id":30,"__str__":"INDICA\u00c7\u00d5ES n\u00ba 20 de 2019","link_detail_backend":"/materia/30","metadata":{},"numero":20,"ano":2019,"numero_protocolo":null,"data_apresentacao":"2019-02-01","tipo_apresentacao":"E","data_publicacao":"2019-02-22","numero_origem_externa":"","ano_origem_externa":2019,"data_origem_externa":"2019-02-01","apelido":"","dias_prazo":null,"data_fim_prazo":null,"em_tramitacao":false,"polemica":null,"objeto":"","complementar":null,"ementa":"A Vereadora que a esta subscreve, nos termos do Regimento Interno desta Casa, ouvido o Plen\u00e1rio, INDICA as Suas Excel\u00eancias Senhor Ata\u00edl Marques do Amaral, Prefeito Municipal, Senhora Joelma Gomes da Silva, Secret\u00e1ria Municipal de A\u00e7\u00e3o Social, Emprego e Renda, Senhor Ney Rondon Marques, Secret\u00e1rio Municipal de Infraestrutura, no sentido de buscar entendimentos e tomadas de provid\u00eancias necess\u00e1rias para realiza\u00e7\u00e3o de demarca\u00e7\u00e3o de rampas para deficientes nas cal\u00e7adas, pra\u00e7as e reparti\u00e7\u00f5es p\u00fablicas do munic\u00edpio de Pocon\u00e9-MT.","indexacao":"","observacao":"","resultado":"","texto_original":"http://sapl.pocone.mt.leg.br/media/sapl/public/materialegislativa/2019/30/indicacao_02.pdf","data_ultima_atualizacao":"2019-02-22T12:17:37.001701-03:00","ip":"","ultima_edicao":null,"tipo":7,"regime_tramitacao":1,"tipo_origem_externa":7,"local_origem_externa":1,"user":null,"anexadas":[],"autores":[8]}