{"id":3075,"__str__":"INDICA\u00c7\u00d5ES n\u00ba 251 de 2024","link_detail_backend":"/materia/3075","metadata":{},"numero":251,"ano":2024,"numero_protocolo":null,"data_apresentacao":"2024-06-18","tipo_apresentacao":"E","data_publicacao":null,"numero_origem_externa":"","ano_origem_externa":null,"data_origem_externa":null,"apelido":"","dias_prazo":null,"data_fim_prazo":null,"em_tramitacao":false,"polemica":false,"objeto":"","complementar":false,"ementa":"Vereadores que a esta subscrevem, nos termos do Regimento Interno da Casa, INDICAM as Suas Excel\u00eancias Ata\u00edl Marques do Amaral, Prefeito Municipal, Juliano Jorge Boraczynski, Presidente da Companhia Mato-Grossense de Minera\u00e7\u00e3o \u2013 METAMAT, a necessidade de buscar entendimentos e tomadas de provid\u00eancias para constru\u00e7\u00e3o de Po\u00e7os Artesianos com extens\u00e3o de rede de distribui\u00e7\u00e3o de \u00e1gua, na Comunidade Carret\u00e3o, munic\u00edpio de Pocon\u00e9 \u2013 MT.\r\n\r\n \r\n   A presente indica\u00e7\u00e3o beneficiar\u00e1 centenas de residentes e pequenos agricultores rurais que enfrentam s\u00e9rios problemas com abastecimento de \u00e1gua, sobretudo no per\u00edodo da estiagem, inviabilizando as atividades e comprometendo a qualidade de vida dos cidad\u00e3os ali residentes, pelo o que esperamos contar com acolhida no atendimento desta justa reivindica\u00e7\u00e3o.\r\n\r\n    Sala das Sess\u00f5es Josefa Gon\u00e7alves, 17 de junho de 2024.\r\n\r\n                                Vereadora F\u00e1tima, de Aquino, MDB.\r\n \r\n                                 Vereador M\u00e1rcio Fernandes, MDB.","indexacao":"","observacao":"","resultado":"","texto_original":"http://sapl.pocone.mt.leg.br/media/sapl/public/materialegislativa/2024/3075/indicacao_no_020-2024_vereadora_fatima..pdf","data_ultima_atualizacao":"2024-06-26T09:56:29.336905-03:00","ip":"177.67.213.147","ultima_edicao":"2024-06-26T09:55:57.125716-03:00","tipo":7,"regime_tramitacao":1,"tipo_origem_externa":null,"local_origem_externa":null,"user":9,"anexadas":[],"autores":[28]}