{"id":3040,"__str__":"INDICA\u00c7\u00d5ES n\u00ba 225 de 2024","link_detail_backend":"/materia/3040","metadata":{},"numero":225,"ano":2024,"numero_protocolo":null,"data_apresentacao":"2024-06-04","tipo_apresentacao":"E","data_publicacao":null,"numero_origem_externa":"","ano_origem_externa":null,"data_origem_externa":null,"apelido":"","dias_prazo":null,"data_fim_prazo":null,"em_tramitacao":false,"polemica":false,"objeto":"","complementar":false,"ementa":"Mo\u00e7\u00e3o de Pesar aos \r\nfamiliares e amigos do\r\nSr\u00ba. Jaime da Costa Marques.\r\n \r\nExm. Sr. Presidente da C\u00e2mara Municipal de Pocon\u00e9-MT.\r\n\r\nCom fundamento no que disp\u00f5e o Regimento Interno desta Casa de Leis, requer a mesa diretora com anu\u00eancia do soberano plen\u00e1rio para que proceda devido registro de falecimento nos anais deste legislativo e encaminhe a presente Mo\u00e7\u00e3o de Pesar \u00e0 fam\u00edlia.\r\nA C\u00e2mara Municipal de Pocon\u00e9, Estado de Mato Grosso, atrav\u00e9s dos Vereadores que a comp\u00f5em leg\u00edtimo representante do povo poconeano apresenta condol\u00eancias aos familiares do Senhor Jaime da Costa Marques, pelo o seu falecimento ocorrido no dia 18 de maio de 2024. \r\n\u201cManifestamos nosso profundo respeito e rogando a Deus que traga conforto aos cora\u00e7\u00f5es enlutados. Desejamos que a paz, o consolo e a for\u00e7a da f\u00e9 reinem no meio de todos, destacando o amor a Deus sobre todas as coisas para que o Senhor Jaime da Costa Marques, descanse em paz\u201d.\r\nSala das Sess\u00f5es Josefa Gon\u00e7alves, 03 de junho de 2024.\r\nVereador M","indexacao":"","observacao":"","resultado":"","texto_original":"http://sapl.pocone.mt.leg.br/media/sapl/public/materialegislativa/2024/3040/mocao_de_pesar_no_006-2024..pdf","data_ultima_atualizacao":"2024-06-10T13:19:38.295952-03:00","ip":"177.67.213.152","ultima_edicao":"2024-06-10T13:16:30.948377-03:00","tipo":7,"regime_tramitacao":1,"tipo_origem_externa":null,"local_origem_externa":null,"user":9,"anexadas":[],"autores":[21]}