{"id":3026,"__str__":"INDICA\u00c7\u00d5ES n\u00ba 214 de 2024","link_detail_backend":"/materia/3026","metadata":{},"numero":214,"ano":2024,"numero_protocolo":null,"data_apresentacao":"2024-05-28","tipo_apresentacao":"E","data_publicacao":null,"numero_origem_externa":"","ano_origem_externa":null,"data_origem_externa":null,"apelido":"","dias_prazo":null,"data_fim_prazo":null,"em_tramitacao":false,"polemica":false,"objeto":"","complementar":false,"ementa":"Exm\u00ba. Sr\u00ba. Presidente da C\u00e2mara Municipal de Pocon\u00e9-MT.\r\n\r\n\r\n\r\n                                O Vereador que a esta subscreve, nos termos do Regimento Interno da Casa, INDICA as Suas Excel\u00eancias Ata\u00edl Marques do Amaral, Prefeito Municipal, Ornella Ros\u00e1rio Proen\u00e7a Moraes Falc\u00e3o, Secret\u00e1ria Municipal de Educa\u00e7\u00e3o, no sentido de tomar as provid\u00eancias necess\u00e1rias para que alunos residentes no Programa de Assentamento Modelo, munic\u00edpio de Pocon\u00e9 \u2013 MT, sejam contemplados com servi\u00e7os de Transporte Escolar, a fim de atender solicita\u00e7\u00f5es de fam\u00edlias questionando que o \u00d4nibus que atende a regi\u00e3o n\u00e3o entra no assentamento para pegar e deixar os alunos.\r\n\r\n\r\n  \r\n\r\n\r\n\r\n\r\n\r\nSala das Sess\u00f5es Josefa Gon\u00e7alves, 27 de maio de 2024.\r\n\r\n\r\n\r\nVer. Benedito Aur\u00e9lio, PSDB.","indexacao":"","observacao":"","resultado":"","texto_original":"http://sapl.pocone.mt.leg.br/media/sapl/public/materialegislativa/2024/3026/indicacao_no_041-2024_ver._benedito_aurelio..pdf","data_ultima_atualizacao":"2024-06-06T11:54:42.779683-03:00","ip":"177.67.213.168","ultima_edicao":"2024-06-06T11:53:45.751636-03:00","tipo":7,"regime_tramitacao":1,"tipo_origem_externa":null,"local_origem_externa":null,"user":9,"anexadas":[],"autores":[19]}