{"id":2872,"__str__":"REQUERIMENTOS COMUNS n\u00ba 11 de 2024","link_detail_backend":"/materia/2872","metadata":{},"numero":11,"ano":2024,"numero_protocolo":null,"data_apresentacao":"2024-04-02","tipo_apresentacao":"E","data_publicacao":null,"numero_origem_externa":"","ano_origem_externa":null,"data_origem_externa":null,"apelido":"","dias_prazo":null,"data_fim_prazo":null,"em_tramitacao":false,"polemica":false,"objeto":"","complementar":false,"ementa":"Exm\u00ba. Sr\u00ba. Presidente da C\u00e2mara Municipal de Pocon\u00e9-MT.\r\n\r\nA Vereadora que a este subscreve, nos termos do Regimento Interno da Casa, REQUER a Mesa Diretora, ouvido o Plen\u00e1rio, seja oficializada os Senhores Giordano Paolo Proen\u00e7a Campos, Secret\u00e1rio Municipal de Finan\u00e7as e Naudson Bastos, Secret\u00e1rio Municipal de Infraestrutura, dado conhecimento ao Auditor Fiscal Ademar Vivan J\u00fanior,  para esclarecer a esta casa de leis sobre o cumprimento da Lei N\u00ba. 1.345 que \u201cinstitui no mun\u00edcipio de Pocon\u00e9 a contribui\u00e7\u00e3o para custeio da ilumina\u00e7\u00e3o p\u00fablica\u201d e criou \u201cFundo Municipal de Ilumina\u00e7\u00e3o P\u00fablica\u201d, respondendo:\r\n                         Se esta Lei foi atualizada e se est\u00e1 sendo cumprida.\r\nQuais extens\u00e3o de redes e investimentos no setor foram oriundos desta arrecada\u00e7\u00e3o.\r\nSe o Fundo est\u00e1 vigente, qual conta corrente o representa.\r\nSe \u00e9 poss\u00edvel incluir a Avenida S\u00e9rgio Fran\u00e7a com investimentos do Fundo e ilumina\u00e7\u00e3o P\u00fablica.\r\n\r\n                    Sala das Sess\u00f5es Josefa Gon\u00e7alves, 01 de abril de 2024","indexacao":"","observacao":"","resultado":"","texto_original":"http://sapl.pocone.mt.leg.br/media/sapl/public/materialegislativa/2024/2872/requerimento_no_004-2024.pdf","data_ultima_atualizacao":"2024-04-10T09:04:09.468306-03:00","ip":"177.67.213.162","ultima_edicao":"2024-04-10T09:03:13.302409-03:00","tipo":5,"regime_tramitacao":1,"tipo_origem_externa":null,"local_origem_externa":null,"user":9,"anexadas":[],"autores":[27]}