{"id":2814,"__str__":"INDICA\u00c7\u00d5ES n\u00ba 48 de 2024","link_detail_backend":"/materia/2814","metadata":{},"numero":48,"ano":2024,"numero_protocolo":null,"data_apresentacao":"2024-03-12","tipo_apresentacao":"E","data_publicacao":null,"numero_origem_externa":"","ano_origem_externa":null,"data_origem_externa":null,"apelido":"","dias_prazo":null,"data_fim_prazo":null,"em_tramitacao":false,"polemica":false,"objeto":"","complementar":false,"ementa":"Exm\u00ba. Sr\u00ba. Presidente da C\u00e2mara Municipal de Pocon\u00e9-MT.\r\nO Vereador que a este subscreve, nos termos do Regimento\r\nInterno da Casa, ouvindo o Plen\u00e1rio, INDICA a Sua Excel\u00eancia Ata\u00edl Marques do\r\nAmaral, Prefeito Municipal, no sentido de buscar entendimento e parceria com\r\na Secretarias de A\u00e7\u00e3o Social Emprego e Renda, no sentido de contemplar a\r\n\u00e1rea externa do Centro de Conviv\u00eancia Aur\u00edlio Dias Moura \u2013 CCI, com melhorias\r\nna \u00e1rea de lazer, implementando novos aparelhos para atividades f\u00edsicas,\r\ncobertura e ilumina\u00e7\u00e3o.\r\nNota-se o aumento gradativo de frequentadores pelo excelente\r\natendimento que \u00e9 ofertado no CCI, atrav\u00e9s de seus profissionais, dessa\r\nmaneira \u00e9 preciso expandir as atividades realizadas.\r\nSala das Sess\u00f5es Josefa Gon\u00e7alves, 08 de mar\u00e7o de 2024.\r\nVer. S\u00e9rgio Maracan\u00e3, PSB.","indexacao":"","observacao":"","resultado":"","texto_original":"http://sapl.pocone.mt.leg.br/media/sapl/public/materialegislativa/2024/2814/indicacao_no_011-2024_vereador_sergio_maracana..pdf","data_ultima_atualizacao":"2024-03-22T09:39:55.153699-03:00","ip":"177.67.213.214","ultima_edicao":"2024-03-22T09:39:24.744175-03:00","tipo":7,"regime_tramitacao":1,"tipo_origem_externa":null,"local_origem_externa":null,"user":9,"anexadas":[],"autores":[24]}