{"id":2813,"__str__":"INDICA\u00c7\u00d5ES n\u00ba 47 de 2024","link_detail_backend":"/materia/2813","metadata":{},"numero":47,"ano":2024,"numero_protocolo":null,"data_apresentacao":"2024-03-12","tipo_apresentacao":"E","data_publicacao":null,"numero_origem_externa":"","ano_origem_externa":null,"data_origem_externa":null,"apelido":"","dias_prazo":null,"data_fim_prazo":null,"em_tramitacao":false,"polemica":false,"objeto":"","complementar":false,"ementa":"Exm\u00ba. Sr\u00ba. Presidente da C\u00e2mara Municipal de Pocon\u00e9-MT.\r\nO Vereador que a este subscreve, nos termos do Regimento\r\nInterno da Casa, ouvindo o Plen\u00e1rio, INDICA a Sua Excel\u00eancia Ata\u00edl Marques do\r\nAmaral, Prefeito Municipal, no sentido de buscar entendimento e parcerias\r\ncom as Secretarias de A\u00e7\u00e3o Social Emprego e Renda: Sa\u00fade e Turismo,\r\njuntamente com a UNIFACC \u2013 MT, Uni\u00e3o das Faculdades Cat\u00f3licas de Mato\r\nGrosso, para ser ofertado cursos superiores e t\u00e9cnicos profissionalizantes em\r\nnosso munic\u00edpio.\r\nHaja vista a necessidade de dar oportunidade e op\u00e7\u00e3o de\r\nforma\u00e7\u00e3o\r\nSala das Sess\u00f5es Josefa Gon\u00e7alves, 08 de mar\u00e7o de 2024.\r\nVer. S\u00e9rgio Maracan\u00e3, PSB.","indexacao":"","observacao":"","resultado":"","texto_original":"http://sapl.pocone.mt.leg.br/media/sapl/public/materialegislativa/2024/2813/indicacao_no_010-2024_vereador_sergio_maracana..pdf","data_ultima_atualizacao":"2024-03-22T09:38:58.447931-03:00","ip":"177.67.213.214","ultima_edicao":"2024-03-22T09:38:28.160714-03:00","tipo":7,"regime_tramitacao":1,"tipo_origem_externa":null,"local_origem_externa":null,"user":9,"anexadas":[],"autores":[24]}