{"id":2810,"__str__":"INDICA\u00c7\u00d5ES n\u00ba 44 de 2024","link_detail_backend":"/materia/2810","metadata":{},"numero":44,"ano":2024,"numero_protocolo":null,"data_apresentacao":"2024-03-12","tipo_apresentacao":"E","data_publicacao":null,"numero_origem_externa":"","ano_origem_externa":null,"data_origem_externa":null,"apelido":"","dias_prazo":null,"data_fim_prazo":null,"em_tramitacao":false,"polemica":false,"objeto":"","complementar":false,"ementa":"Exm\u00ba. Sr\u00ba. Presidente da C\u00e2mara Municipal de Pocon\u00e9-MT.\r\nVereadores que a este subscrevem, nos termos do Regimento\r\nInterno da Casa, ouvindo o Plen\u00e1rio, INDICAM as Suas Excel\u00eancias Ata\u00edl\r\nMarques do Amaral, Prefeito Municipal, Ilma Regina Figueiredo Arruda,\r\nSecret\u00e1ria Municipal de Sa\u00fade, a viabilidade de designar um profissional\r\ncapacitado para estar diariamente fazendo acompanhamento de fam\u00edlias\r\nresidentes no Programa de Assentamento Mundo Novo e Furnas, munic\u00edpio\r\nde Pocon\u00e9 \u2013 MT, nas demandas da sa\u00fade b\u00e1sica.\r\nSala das Sess\u00f5es Josefa Gon\u00e7alves, 04 de mar\u00e7o de 2024.\r\nVer. S\u00e9rgio Maracan\u00e3, PSB. Ver\u00aa. Jocilma Amaral, UB","indexacao":"","observacao":"","resultado":"","texto_original":"http://sapl.pocone.mt.leg.br/media/sapl/public/materialegislativa/2024/2810/indicacao_no_007-2024_vereador_sergio_maracana..pdf","data_ultima_atualizacao":"2024-03-22T09:33:33.300299-03:00","ip":"177.67.213.214","ultima_edicao":"2024-03-22T09:31:34.964834-03:00","tipo":7,"regime_tramitacao":1,"tipo_origem_externa":null,"local_origem_externa":null,"user":9,"anexadas":[],"autores":[24]}