{"id":2797,"__str__":"INDICA\u00c7\u00d5ES n\u00ba 36 de 2024","link_detail_backend":"/materia/2797","metadata":{},"numero":36,"ano":2024,"numero_protocolo":null,"data_apresentacao":"2024-02-27","tipo_apresentacao":"E","data_publicacao":null,"numero_origem_externa":"","ano_origem_externa":null,"data_origem_externa":null,"apelido":"","dias_prazo":null,"data_fim_prazo":null,"em_tramitacao":false,"polemica":false,"objeto":"","complementar":false,"ementa":"Exm\u00ba. Sr\u00ba. Presidente da C\u00e2mara Municipal de Pocon\u00e9-MT.\r\nO Vereador que a esta subscreve, nos termos do Regimento\r\nInterno da Casa, INDICA a Sua Excel\u00eancia Carlos F\u00e1varo, Ministro da\r\nAgricultura, Pecu\u00e1ria e Abastecimento, para que busque entendimentos e\r\ntomadas de provid\u00eancias necess\u00e1rias junto ao Governo Federal no que se\r\nrefere a libera\u00e7\u00e3o da quita\u00e7\u00e3o de d\u00edvidas referentes as terras do Programa de\r\nCr\u00e9dito Fundi\u00e1rio Assentamentos, (antigo Banco da Terra), seja\r\nindividualizados a fim de favorecer ao beneficiado quitar seu d\u00e9bito, em raz\u00e3o\r\nda d\u00edvida constar em nome da Associa\u00e7\u00e3o impossibilita a quita\u00e7\u00e3o, para\r\naqueles que tem condi\u00e7\u00f5es e querem regularizar para obterem a escritura\u00e7\u00e3o\r\ndo im\u00f3vel.\r\nSala das Sess\u00f5es Josefa Gon\u00e7alves\r\n26 de fevereiro de 2024.\r\nBenedito Aur\u00e9lio, PP.\r\nVereador","indexacao":"","observacao":"","resultado":"","texto_original":"http://sapl.pocone.mt.leg.br/media/sapl/public/materialegislativa/2024/2797/indicacao_no_012-2024_ver._benedito_aurelio..pdf","data_ultima_atualizacao":"2024-03-11T08:42:41.223881-03:00","ip":"177.67.213.246","ultima_edicao":"2024-03-11T08:41:59.506144-03:00","tipo":7,"regime_tramitacao":1,"tipo_origem_externa":null,"local_origem_externa":null,"user":9,"anexadas":[],"autores":[19]}