{"id":2786,"__str__":"INDICA\u00c7\u00d5ES n\u00ba 25 de 2024","link_detail_backend":"/materia/2786","metadata":{},"numero":25,"ano":2024,"numero_protocolo":null,"data_apresentacao":"2024-02-27","tipo_apresentacao":"E","data_publicacao":null,"numero_origem_externa":"","ano_origem_externa":null,"data_origem_externa":null,"apelido":"","dias_prazo":null,"data_fim_prazo":null,"em_tramitacao":false,"polemica":false,"objeto":"","complementar":false,"ementa":"Exm\u00ba. Sr\u00ba. Presidente da C\u00e2mara Municipal de Pocon\u00e9-MT.\r\nO Vereador que a este subscreve, nos termos do Regimento Interno da\r\nCasa, ouvindo o Plen\u00e1rio, INDICA as Suas Excel\u00eancias Ata\u00edl Marques do Amaral,\r\nPrefeito Municipal, Francisco Serafim de Barros, Presidente do Intermat, buscar\r\nentendimentos para celebra\u00e7\u00e3o de parceria para manuten\u00e7\u00e3o que se fazem\r\nnecess\u00e1rias nos po\u00e7os artesianos constru\u00eddos atrav\u00e9s do Projeto Nossa Terra Nossa\r\nGente/Programa de Assentamento Matadouro, situada na proximidade do bairro S\u00e3o\r\nJudas Tadeu, cidade de Pocon\u00e9 \u2013 MT.\r\nSala das Sess\u00f5es Josefa Gon\u00e7alves\r\n26 de fevereiro de 2024.\r\nS\u00e9rgio Maracan\u00e3, PSB.\r\nVereador","indexacao":"","observacao":"","resultado":"","texto_original":"http://sapl.pocone.mt.leg.br/media/sapl/public/materialegislativa/2024/2786/indicacao_no_006-2024_vereador_sergio_maracana..pdf","data_ultima_atualizacao":"2024-03-08T11:56:27.473641-03:00","ip":"177.67.213.246","ultima_edicao":"2024-03-08T11:46:47.465073-03:00","tipo":7,"regime_tramitacao":1,"tipo_origem_externa":null,"local_origem_externa":null,"user":9,"anexadas":[],"autores":[24]}