{"id":2784,"__str__":"INDICA\u00c7\u00d5ES n\u00ba 23 de 2024","link_detail_backend":"/materia/2784","metadata":{},"numero":23,"ano":2024,"numero_protocolo":null,"data_apresentacao":"2024-02-27","tipo_apresentacao":"E","data_publicacao":null,"numero_origem_externa":"","ano_origem_externa":null,"data_origem_externa":null,"apelido":"","dias_prazo":null,"data_fim_prazo":null,"em_tramitacao":false,"polemica":false,"objeto":"","complementar":false,"ementa":"Exm\u00ba. Sr\u00ba. Presidente da C\u00e2mara Municipal de Pocon\u00e9-MT.\r\nA vereadora que a esta subscreve, nos termos do Regimento Interno\r\nda Casa, INDICA as Suas Excel\u00eancias Ata\u00edl Marques do Amaral, Prefeito Municipal, com\r\nc\u00f3pia ao Diretor Municipal de Servi\u00e7os Urbanos, Erdes D\u00eddimo Santos, a necessidade\r\nde efetuar limpezas p\u00fablicas que se fazem necess\u00e1rias na rua Salvador Marques,\r\ntrecho que d\u00e1 acesso a represa municipal Jo\u00e3o Ponce da Rua/Tanque da Rua, bem\r\ncomo providenciar tampa no po\u00e7o existente na imedia\u00e7\u00e3o que se encontra a c\u00e9u\r\naberto colocando em risco vida de pessoas.\r\nJustificamos a iniciativa tendo em vista a situa\u00e7\u00e3o que se encontra\r\ntrecho da via p\u00fablica, presen\u00e7as de matos, entulhos, lixos de v\u00e1rias naturezas\r\namontoadas, com o per\u00edodo chuvoso a realiza\u00e7\u00e3o destes servi\u00e7os fazem necess\u00e1rios\r\npara evitar \u00e0 prolifera\u00e7\u00e3o de insetos e danos \u00e0 sa\u00fade p\u00fablica, dengue e outros, pelo o\r\nque esperamos contar com a acolhida no atendimento desta justa reivindica\u00e7\u00e3o.\r\nSala das Sess\u00f5es Josefa Gon\u00e7alves\r\n26 de","indexacao":"","observacao":"","resultado":"","texto_original":"http://sapl.pocone.mt.leg.br/media/sapl/public/materialegislativa/2024/2784/indicacao_no_005-2024_vereadora_jocilma_amaral..pdf","data_ultima_atualizacao":"2024-03-08T11:32:41.182145-03:00","ip":"177.67.213.246","ultima_edicao":"2024-03-08T11:31:42.233782-03:00","tipo":7,"regime_tramitacao":1,"tipo_origem_externa":null,"local_origem_externa":null,"user":9,"anexadas":[],"autores":[26]}