{"id":2782,"__str__":"INDICA\u00c7\u00d5ES n\u00ba 21 de 2024","link_detail_backend":"/materia/2782","metadata":{},"numero":21,"ano":2024,"numero_protocolo":null,"data_apresentacao":"2024-02-27","tipo_apresentacao":"E","data_publicacao":null,"numero_origem_externa":"","ano_origem_externa":null,"data_origem_externa":null,"apelido":"","dias_prazo":null,"data_fim_prazo":null,"em_tramitacao":false,"polemica":false,"objeto":"","complementar":false,"ementa":"Exm\u00ba. Sr\u00ba. Presidente da C\u00e2mara Municipal de Pocon\u00e9-MT.\r\nA vereadora que a esta subscreve, nos termos do Regimento\r\nInterno da Casa, INDICA as Suas Excel\u00eancias Ata\u00edl Marques do Amaral, Prefeito\r\nMunicipal, Mauro Mendes, Governador do Estado, Marcelo de Oliveira e Silva,\r\nSecret\u00e1rio de Estado de Infraestrutura e Log\u00edstica, para que o Governo do\r\nEstado possa firmar termo de parceria com o munic\u00edpio de Pocon\u00e9, a fim de\r\nviabilizar a pavimenta\u00e7\u00e3o e/ou recupera\u00e7\u00e3o asf\u00e1ltica das travessias urbanas\r\nque s\u00e3o rodovias estaduais, bem como uma opera\u00e7\u00e3o tapa-buracos nas ruas e\r\navenidas do munic\u00edpio. Considerando o Plano de A\u00e7\u00e3o (projeto) que a\r\nPrefeitura de Pocon\u00e9 possa apresentar.\r\nSala das Sess\u00f5es Josefa Gon\u00e7alves\r\n06 de fevereiro de 2024.\r\nJocilma Amaral, UB.\r\nVereadora","indexacao":"","observacao":"","resultado":"","texto_original":"http://sapl.pocone.mt.leg.br/media/sapl/public/materialegislativa/2024/2782/indicacao_no_003-2024_vereadora_jocilma_amaral..pdf","data_ultima_atualizacao":"2024-03-08T11:26:21.601482-03:00","ip":"177.67.213.246","ultima_edicao":"2024-03-08T11:15:16.426235-03:00","tipo":7,"regime_tramitacao":1,"tipo_origem_externa":null,"local_origem_externa":null,"user":9,"anexadas":[],"autores":[26]}