{"id":2779,"__str__":"REQUERIMENTOS COMUNS n\u00ba 3 de 2024","link_detail_backend":"/materia/2779","metadata":{},"numero":3,"ano":2024,"numero_protocolo":null,"data_apresentacao":"2024-02-27","tipo_apresentacao":"E","data_publicacao":null,"numero_origem_externa":"","ano_origem_externa":null,"data_origem_externa":null,"apelido":"","dias_prazo":null,"data_fim_prazo":null,"em_tramitacao":false,"polemica":false,"objeto":"","complementar":false,"ementa":"Exm\u00ba. Sr\u00ba. Presidente da C\u00e2mara Municipal de Pocon\u00e9-MT.\r\nOs Vereadores que a este subscreve, nos termos do Regimento\r\nInterno da Casa, ouvido o Plen\u00e1rio, REQUEREM a Mesa Diretora, ouvido o\r\nPlen\u00e1rio, sejam oficializados Senhor Ata\u00edl Marques do Amaral, Prefeito\r\nMunicipal, Senhora Viviane Cristina da Silva Lemes, Secret\u00e1ria Municipal de\r\nPlanejamento e Administra\u00e7\u00e3o, no sentido de informar a C\u00e2mara Municipal se\r\no Poder Executivo Municipal j\u00e1 se manifestou e quais as provid\u00eancias tomadas\r\ncom rela\u00e7\u00e3o as solicita\u00e7\u00f5es contidas na Carta APO n\u00ba 206/2023, datada de 22\r\nde dezembro de 2023, expedida pela concession\u00e1ria \u00e1gua de Pocon\u00e9 as\r\nseguintes autoridades Ata\u00edl Marques do Amaral, Prefeito Municipal, Wemer\r\nFrancis Rodrigues da Silva, Diretor Presidente da Aris \u2013 MT, Itamar Louren\u00e7o da\r\nSilva, Presidente da C\u00e2mara Municipal de Pocon\u00e9, M\u00e1rio Anthero Silveira de\r\nSouza Bueno Schober, Promotor de Justi\u00e7a de Pocon\u00e9, Valesca Olavarria de\r\nPinho, Auditora P\u00fablica Externo do Tribunal de Contas Estado de Mato","indexacao":"","observacao":"","resultado":"","texto_original":"http://sapl.pocone.mt.leg.br/media/sapl/public/materialegislativa/2024/2779/requerimento_no_001-2024...pdf","data_ultima_atualizacao":"2024-03-07T13:07:49.850244-03:00","ip":"177.67.213.246","ultima_edicao":"2024-03-07T13:06:26.501354-03:00","tipo":5,"regime_tramitacao":1,"tipo_origem_externa":null,"local_origem_externa":null,"user":9,"anexadas":[],"autores":[23]}