{"id":2769,"__str__":"INDICA\u00c7\u00d5ES n\u00ba 19 de 2024","link_detail_backend":"/materia/2769","metadata":{},"numero":19,"ano":2024,"numero_protocolo":null,"data_apresentacao":"2024-02-15","tipo_apresentacao":"E","data_publicacao":null,"numero_origem_externa":"","ano_origem_externa":null,"data_origem_externa":null,"apelido":"","dias_prazo":null,"data_fim_prazo":null,"em_tramitacao":false,"polemica":false,"objeto":"","complementar":false,"ementa":"Exm\u00ba. Sr\u00ba. Presidente da C\u00e2mara Municipal de Pocon\u00e9-MT.\r\n\r\nA vereadora que a esta subscreve, nos termos do Regimento Interno da Casa, INDICA as Suas Excel\u00eancias Ata\u00edl Marques do Amaral, Prefeito Municipal, Danielle Assis Carvalho, Secret\u00e1ria Municipal de Meio Ambiente, Manoel Salvador Pereira Leite, Secret\u00e1rio Municipal de Turismo, tendo em vista os problemas no abastecimento de \u00e1gua do munic\u00edpio, a seca dos c\u00f3rregos, afluentes incluindo rio Bento Gomes, os n\u00edveis dos rios do pantanal que prejudicam inclusive o turismo, a perspectiva de queimada iminente no pantanal a cada ano. Indico que vossas excel\u00eancias busquem parcerias necess\u00e1rias para realiza\u00e7\u00e3o da Comemora\u00e7\u00e3o pelo DIA MUNDIAL DA \u00c1GUA, celebrado em 22 de mar\u00e7o.\r\n\r\nSala das Sess\u00f5es Josefa Gon\u00e7alves\r\n06 de fevereiro de 2024.\r\n\r\n\r\nJocilma Amaral, UB.\r\nVereadora","indexacao":"","observacao":"","resultado":"","texto_original":"http://sapl.pocone.mt.leg.br/media/sapl/public/materialegislativa/2024/2769/indicacao_no_001-2024_vereadora_jocilma_amaral..pdf","data_ultima_atualizacao":"2024-02-23T13:07:40.824075-03:00","ip":"177.67.213.238","ultima_edicao":"2024-02-23T13:06:35.491662-03:00","tipo":7,"regime_tramitacao":1,"tipo_origem_externa":null,"local_origem_externa":null,"user":9,"anexadas":[],"autores":[26]}