{"id":2764,"__str__":"INDICA\u00c7\u00d5ES n\u00ba 14 de 2024","link_detail_backend":"/materia/2764","metadata":{},"numero":14,"ano":2024,"numero_protocolo":null,"data_apresentacao":"2024-02-15","tipo_apresentacao":"E","data_publicacao":null,"numero_origem_externa":"","ano_origem_externa":null,"data_origem_externa":null,"apelido":"","dias_prazo":null,"data_fim_prazo":null,"em_tramitacao":false,"polemica":false,"objeto":"","complementar":false,"ementa":"Exm\u00ba. Sr\u00ba. Presidente da C\u00e2mara Municipal de Pocon\u00e9-MT.\r\n\r\nO Vereador que a esta subscreve, nos termos do Regimento Interno da Casa, INDICA a Sua Excel\u00eancia Ata\u00edl Marques do Amaral, Prefeito Municipal, no sentido de notificar a empresa respons\u00e1vel pelas obras de pavimenta\u00e7\u00e3o, galerias no bairro S\u00e3o Benedito, cidade de Pocon\u00e9 \u2013 MT, para que de celeridade nas obras, principalmente para solucionar problemas provocados pelos servi\u00e7os na Rua Dom Galibert, onde alguns pontos impede/dificulta acesso de ve\u00edculos nas garagens, al\u00e9m do que faz necess\u00e1rio a conclus\u00e3o da canaliza\u00e7\u00e3o da via p\u00fablica, haja vista a abertura sem nem uma sinaliza\u00e7\u00e3o adequada, colocar em risco n\u00e3o s\u00f3 condutores de ve\u00edculos automotores, mais a todos que utilizam a via p\u00fablica.\r\n\r\nSala das Sess\u00f5es Josefa Gon\u00e7alves\r\n05 de fevereiro de 2024.\r\n\r\n\r\nM\u00e1rcio Fernandes, MDB.\r\nVereador","indexacao":"","observacao":"","resultado":"","texto_original":"http://sapl.pocone.mt.leg.br/media/sapl/public/materialegislativa/2024/2764/indicacao_no_003-2024_ver._marcio_fernandes..pdf","data_ultima_atualizacao":"2024-02-23T12:44:47.791654-03:00","ip":"177.67.213.238","ultima_edicao":"2024-02-23T12:44:22.847683-03:00","tipo":7,"regime_tramitacao":1,"tipo_origem_externa":null,"local_origem_externa":null,"user":9,"anexadas":[],"autores":[21]}