{"id":2758,"__str__":"INDICA\u00c7\u00d5ES n\u00ba 8 de 2024","link_detail_backend":"/materia/2758","metadata":{},"numero":8,"ano":2024,"numero_protocolo":null,"data_apresentacao":"2024-02-15","tipo_apresentacao":"E","data_publicacao":null,"numero_origem_externa":"","ano_origem_externa":null,"data_origem_externa":null,"apelido":"","dias_prazo":null,"data_fim_prazo":null,"em_tramitacao":false,"polemica":false,"objeto":"","complementar":false,"ementa":"Exm\u00ba. Sr\u00ba. Presidente da C\u00e2mara Municipal de Pocon\u00e9-MT.\r\n\r\nO Vereador que a esta subscreve, nos termos do Regimento Interno da Casa, ouvido o Plen\u00e1rio, Indica a Sua Excel\u00eancia Ata\u00edl Marques do Amaral, Prefeito Municipal, no sentido de buscar entendimentos, tomadas de provid\u00eancias necess\u00e1rias para dar celeridade no Projeto que trata de revitaliza\u00e7\u00e3o e melhorias na represa municipal, \u201dJo\u00e3o Ponce\u201d\u2013Tanque da Rua, bairro Are\u00e3o, cidade de Pocon\u00e9\u2013MT.\r\nConsiderando o tempo que foi noticiado pelo Poder P\u00fablico Municipal o projeto de revitaliza\u00e7\u00e3o da represa municipal j\u00e1 houve tempo suficiente para que obra fosse iniciada/conclu\u00edda.\r\nFace o sil\u00eancio do Poder Executivo e as cobran\u00e7as recebidas de mun\u00edcipes e a importancia desta obra para a popula\u00e7\u00e3o \u00e9 que dirigimos esta solicita\u00e7\u00e3o a fim de que as pend\u00eancias sejam solucionadas junto aos org\u00e3os competentes para que a revitaliza\u00e7\u00e3o e melhorias aconte\u00e7am no exercicio de 2024.\r\n\r\nSala das Sess\u00f5es Josefa Gon\u00e7alves\r\n05 de fevereiro de 2024.\r\n\r\nBenedito Aur\u00e9lio,","indexacao":"","observacao":"","resultado":"","texto_original":"http://sapl.pocone.mt.leg.br/media/sapl/public/materialegislativa/2024/2758/indicacao_no_008-2024_ver._benedito_aurelio..pdf","data_ultima_atualizacao":"2024-02-23T11:14:35.473293-03:00","ip":"177.67.213.238","ultima_edicao":"2024-02-23T11:13:56.000556-03:00","tipo":7,"regime_tramitacao":1,"tipo_origem_externa":null,"local_origem_externa":null,"user":9,"anexadas":[],"autores":[19]}