{"id":2755,"__str__":"INDICA\u00c7\u00d5ES n\u00ba 5 de 2024","link_detail_backend":"/materia/2755","metadata":{},"numero":5,"ano":2024,"numero_protocolo":null,"data_apresentacao":"2024-02-15","tipo_apresentacao":"E","data_publicacao":null,"numero_origem_externa":"","ano_origem_externa":null,"data_origem_externa":null,"apelido":"","dias_prazo":null,"data_fim_prazo":null,"em_tramitacao":false,"polemica":false,"objeto":"","complementar":false,"ementa":"Exm\u00ba. Sr\u00ba. Presidente da C\u00e2mara Municipal de Pocon\u00e9-MT.\r\n\r\nO Vereador que a esta subscreve, nos termos do Regimento Interno da Casa, INDICA a Sua Excel\u00eancia Ata\u00edl Marques do Amaral, Prefeito Municipal, no sentido de tomar as provid\u00eancias necess\u00e1rias para celeridade nas montagens e entregas das academias ao ar livre aos moradores, vez que estas j\u00e1 se encontram dispon\u00edveis e suas instala\u00e7\u00f5es foram anunciados pelo poder p\u00fablico por ocasi\u00e3o do anivers\u00e1rio da cidade e at\u00e9 a presente data n\u00e3o observamos qualquer movimenta\u00e7\u00e3o no que se refere as suas instala\u00e7\u00f5es.\r\n\r\nSala das Sess\u00f5es Josefa Gon\u00e7alves\r\n05 de fevereiro de 2024.\r\n\r\n\r\nBenedito Aur\u00e9lio, PP.\r\nVereador","indexacao":"","observacao":"","resultado":"","texto_original":"http://sapl.pocone.mt.leg.br/media/sapl/public/materialegislativa/2024/2755/indicacao_no_005-2024_ver._benedito_aurelio..pdf","data_ultima_atualizacao":"2024-02-23T11:09:30.117332-03:00","ip":"177.67.213.238","ultima_edicao":"2024-02-23T11:08:38.674618-03:00","tipo":7,"regime_tramitacao":1,"tipo_origem_externa":null,"local_origem_externa":null,"user":9,"anexadas":[],"autores":[19]}