{"id":2753,"__str__":"INDICA\u00c7\u00d5ES n\u00ba 3 de 2024","link_detail_backend":"/materia/2753","metadata":{},"numero":3,"ano":2024,"numero_protocolo":null,"data_apresentacao":"2024-02-15","tipo_apresentacao":"E","data_publicacao":null,"numero_origem_externa":"","ano_origem_externa":null,"data_origem_externa":null,"apelido":"","dias_prazo":null,"data_fim_prazo":null,"em_tramitacao":false,"polemica":false,"objeto":"","complementar":false,"ementa":"Exm\u00ba. Sr\u00ba. Presidente da C\u00e2mara Municipal de Pocon\u00e9-MT.\r\n\r\nO vereador que a esta subscreve, nos termos do Regimento Interno da Casa, Indica a Sua Excel\u00eancia Ata\u00edl Marques do Amaral, Prefeito Municipal, no sentido de buscar entendimentos e tomadas de provid\u00eancias para assegurar recursos financeiros junto ao Governo do Estado, via emenda parlamentar ou recursos pr\u00f3prios destinados para a Prefeitura Municipal de Pocon\u00e9, para servi\u00e7o de asfalto, sarjeta e meio fio na Rua Frederico Ozanan, proximidade do Lar dos Idosos S\u00e3o Vicente de Paulo, localizada no Bairro Cruz Preta, cidade de Pocon\u00e9 - MT.\r\n\r\nSala das Sess\u00f5es Josefa Gon\u00e7alves\r\n05 de fevereiro de 2024.\r\n\r\nBenedito Aur\u00e9lio, PP.\r\nVereador","indexacao":"","observacao":"","resultado":"","texto_original":"http://sapl.pocone.mt.leg.br/media/sapl/public/materialegislativa/2024/2753/indicacao_no_003-2024_ver._benedito_aurelio..pdf","data_ultima_atualizacao":"2024-02-23T11:06:46.983506-03:00","ip":"177.67.213.238","ultima_edicao":"2024-02-23T11:05:16.825620-03:00","tipo":7,"regime_tramitacao":1,"tipo_origem_externa":null,"local_origem_externa":null,"user":9,"anexadas":[],"autores":[19]}