{"id":2700,"__str__":"INDICA\u00c7\u00d5ES n\u00ba 457 de 2023","link_detail_backend":"/materia/2700","metadata":{},"numero":457,"ano":2023,"numero_protocolo":null,"data_apresentacao":"2023-11-28","tipo_apresentacao":"E","data_publicacao":null,"numero_origem_externa":"","ano_origem_externa":null,"data_origem_externa":null,"apelido":"","dias_prazo":null,"data_fim_prazo":null,"em_tramitacao":false,"polemica":false,"objeto":"","complementar":false,"ementa":"Exm\u00ba.Sr.Presidente da C\u00e2mara Municipal de Pocon\u00e9-MT.\r\n\r\n O Vereador que a esta subscreve, nos termos do Regimento Interno da Casa, INDICA as Suas Excel\u00eancias  Deputados Estaduais Jana\u00edna Riva, Thiago Silva, Doutor Jo\u00e3o, Senadores Jayme Campos e Wellington Fagundes, Gilberto  Figueiredo Secret\u00e1rio  de  Estado de Sa\u00fade, no sentido de buscar entendimentos e tomadas de provid\u00eancias de implantar Projeto para criar UTI, na Sociedade Benefic\u00eancia Poconeana\u2013Hospital Geral de Pocon\u00e9\u2013MT.\r\n\r\n A instala\u00e7\u00e3o da UTI vai dar seguran\u00e7a e agilidade nos atendimentos prestados pelo hospital. A unidade de sa\u00fade atende moradores de alguns munic\u00edpios pr\u00f3ximos, e precisa de investimentos, t\u00eam um corpo qualificado e precisa de mais investimentos. Com a instala\u00e7\u00e3o desta UTI, os atendimentos ser\u00e3o mais r\u00e1pidos  e eficientes.\r\nSala das Sess\u00f5es \u201cJosefa Gon\u00e7alves\u201d, em 28 de novembro de 2023.\r\n\r\n\r\n                   Ver. M\u00e1rcio Fernandes, \u201cMarcinho\u201d, MDB.","indexacao":"","observacao":"","resultado":"","texto_original":"http://sapl.pocone.mt.leg.br/media/sapl/public/materialegislativa/2023/2700/indicacao_no_106-2023.pdf","data_ultima_atualizacao":"2023-11-30T09:06:14.843188-03:00","ip":"201.71.140.251","ultima_edicao":"2023-11-30T09:05:02.095932-03:00","tipo":7,"regime_tramitacao":1,"tipo_origem_externa":null,"local_origem_externa":null,"user":9,"anexadas":[],"autores":[21]}