{"id":2699,"__str__":"MO\u00c7\u00d5ES n\u00ba 89 de 2023","link_detail_backend":"/materia/2699","metadata":{},"numero":89,"ano":2023,"numero_protocolo":null,"data_apresentacao":"2023-11-28","tipo_apresentacao":"E","data_publicacao":null,"numero_origem_externa":"","ano_origem_externa":null,"data_origem_externa":null,"apelido":"","dias_prazo":null,"data_fim_prazo":null,"em_tramitacao":false,"polemica":false,"objeto":"","complementar":false,"ementa":"Exm. Sr. Presidente da C\u00e2mara Municipal de Pocon\u00e9-MT.\r\n\r\nA C\u00e2mara Municipal de Pocon\u00e9, Estado de Mato Grosso, atrav\u00e9s dos Vereadores que a comp\u00f5em leg\u00edtimo representante do povo poconeano apresenta, Mo\u00e7\u00e3o de Aplausos, ao Senhor Augusto Benedito da Costa Calda, propriet\u00e1rio da P\u00e1gina Capital do Pantanal Norte, que divulga, presta relevantes servi\u00e7os na valoriza\u00e7\u00e3o de Cuiab\u00e1 e da Baixada Cuiabana, ressignificar uma na\u00e7\u00e3o, uma cultura, uma popula\u00e7\u00e3o, pois o Pantaneiro/Cuiabano/Ribeirinhos s\u00e3o o mesmo povo, atribuir visibilidade para o Mato-grossense nato.\r\n\r\nQue seja dado conhecimento desta Mo\u00e7\u00e3o de Aplausos ao homenageado.\r\n\r\n\r\n\r\nSala das Sess\u00f5es \u201cJosefa Gon\u00e7alves\u201d, 28 de novembro de 2023.\r\n\r\n\r\n\r\nVereador F\u00e1bio de Oliveira, UB.","indexacao":"","observacao":"","resultado":"","texto_original":"http://sapl.pocone.mt.leg.br/media/sapl/public/materialegislativa/2023/2699/mocao_de_aplausos_no_008-2023..pdf","data_ultima_atualizacao":"2023-11-30T09:03:49.356848-03:00","ip":"201.71.140.251","ultima_edicao":"2023-11-30T09:03:13.070480-03:00","tipo":6,"regime_tramitacao":1,"tipo_origem_externa":null,"local_origem_externa":null,"user":9,"anexadas":[],"autores":[22]}