{"id":2694,"__str__":"MO\u00c7\u00d5ES n\u00ba 84 de 2023","link_detail_backend":"/materia/2694","metadata":{},"numero":84,"ano":2023,"numero_protocolo":null,"data_apresentacao":"2023-11-21","tipo_apresentacao":"E","data_publicacao":null,"numero_origem_externa":"","ano_origem_externa":null,"data_origem_externa":null,"apelido":"","dias_prazo":null,"data_fim_prazo":null,"em_tramitacao":false,"polemica":false,"objeto":"","complementar":false,"ementa":"Exm. Sr. Presidente da C\u00e2mara Municipal de Pocon\u00e9-MT.\r\n\r\nA C\u00e2mara Municipal de Pocon\u00e9, Estado de Mato Grosso, atrav\u00e9s dos Vereadores que a comp\u00f5em leg\u00edtimo representante do povo poconeano apresenta Mo\u00e7\u00e3o de Congratula\u00e7\u00e3o aos 26 alunos da Escola em Tempo Integral Bacharel Ribeiro de Arruda, cidade de Pocon\u00e9 \u2013 MT, aprovados na 1\u00aa fase da Olimp\u00edada Brasileira de F\u00edsica das Escolas P\u00fablicas \u2013 (OBFEP).\r\n\r\nA Olimp\u00edada visa despertar o interesse dos estudantes pela F\u00edsica e Ci\u00eancias, al\u00e9m de identificar estudantes talentosos e incentivar seu ingresso nas \u00e1reas cientificas e tecnol\u00f3gicas.\r\nA Olimp\u00edada \u00e9 organizada pela Sociedade Brasileira de F\u00edsica e promovida pelo Minist\u00e9rio da Ci\u00eancia, Tecnologia e Inova\u00e7\u00e3o atrav\u00e9s do Conselho Nacional de Desenvolvimento Cientifico e Tecnol\u00f3gico.\r\n\r\nCom esta Mo\u00e7\u00e3o pretendemos congratular com todos que contribu\u00edram para o engrandecimento e notoriedade da Escola em Tempo Integral Bacharel Ribeiro de Arruda. \r\n\r\nO sucesso desse trabalho \u00e9 poss\u00edvel n\u00e3o s\u00f3 pela dedica\u00e7\u00e3o","indexacao":"","observacao":"","resultado":"","texto_original":"http://sapl.pocone.mt.leg.br/media/sapl/public/materialegislativa/2023/2694/mocao_de_congratulacao_no_008-2023..pdf","data_ultima_atualizacao":"2023-11-30T08:56:19.147722-03:00","ip":"201.71.140.251","ultima_edicao":"2023-11-30T08:55:33.158940-03:00","tipo":6,"regime_tramitacao":1,"tipo_origem_externa":null,"local_origem_externa":null,"user":9,"anexadas":[],"autores":[21]}